{"id":6988,"date":"2026-09-05T12:52:09","date_gmt":"2026-09-05T18:52:09","guid":{"rendered":"https:\/\/trabucoradio.com\/home\/?p=6988"},"modified":"2026-09-05T12:52:09","modified_gmt":"2026-09-05T18:52:09","slug":"lopez-beltran-responde-a-de-mauleon-y-destaca-su-trabajo-con-la-gente","status":"publish","type":"post","link":"https:\/\/trabucoradio.com\/home\/?p=6988","title":{"rendered":"L\u00d3PEZ BELTR\u00c1N RESPONDE A DE MAULE\u00d3N Y DESTACA SU TRABAJO CON LA GENTE"},"content":{"rendered":"<p><strong>L\u00d3PEZ BELTR\u00c1N RESPONDE A DE MAULE\u00d3N Y DESTACA SU TRABAJO CON LA GENTE<\/strong><\/p>\n<p>Desde Tacotalpa, Tabasco, Andr\u00e9s Manuel L\u00f3pez Beltr\u00e1n respondi\u00f3 a los se\u00f1alamientos del periodista H\u00e9ctor de Maule\u00f3n sobre una presunta reuni\u00f3n privada en la Ciudad de M\u00e9xico. El morenista cuestion\u00f3 las interpretaciones hechas alrededor de ese encuentro y, con tono ir\u00f3nico, invit\u00f3 al periodista y a El Universal a conocer las actividades que realiza junto con militantes y simpatizantes de Morena.<\/p>\n<p>L\u00f3pez Beltr\u00e1n se\u00f1al\u00f3 que sus principales actividades pol\u00edticas se encuentran en el territorio y en el contacto directo con la poblaci\u00f3n. Explic\u00f3 que los recorridos por las comunidades y las visitas casa por casa forman parte del trabajo que considera prioritario.<\/p>\n<p>Tambi\u00e9n hizo referencia a las tareas de organizaci\u00f3n de Morena con miras al proceso electoral de 2027 y a las ense\u00f1anzas de su padre, el expresidente Andr\u00e9s Manuel L\u00f3pez Obrador, relacionadas con escuchar y atender directamente a la ciudadan\u00eda.<\/p>\n<p>El morenista afirm\u00f3 que continuar\u00e1 con el trabajo territorial y el acercamiento con las comunidades, al se\u00f1alar que su compromiso se encuentra con la poblaci\u00f3n.<\/p>\n","protected":false},"excerpt":{"rendered":"<p>L\u00d3PEZ BELTR\u00c1N RESPONDE A DE MAULE\u00d3N Y DESTACA SU TRABAJO CON LA GENTE Desde Tacotalpa, Tabasco, Andr\u00e9s Manuel L\u00f3pez Beltr\u00e1n respondi\u00f3 a los se\u00f1alamientos del periodista H\u00e9ctor de Maule\u00f3n sobre una presunta reuni\u00f3n privada en la Ciudad de M\u00e9xico. El morenista cuestion\u00f3 las interpretaciones hechas alrededor de ese encuentro y, con tono ir\u00f3nico, invit\u00f3 al [&hellip;]<\/p>\n","protected":false},"author":1,"featured_media":6989,"comment_status":"open","ping_status":"open","sticky":false,"template":"","format":"standard","meta":{"footnotes":""},"categories":[4,3],"tags":[],"class_list":["post-6988","post","type-post","status-publish","format-standard","has-post-thumbnail","hentry","category-noticias","category-politica"],"_links":{"self":[{"href":"https:\/\/trabucoradio.com\/home\/index.php?rest_route=\/wp\/v2\/posts\/6988","targetHints":{"allow":["GET"]}}],"collection":[{"href":"https:\/\/trabucoradio.com\/home\/index.php?rest_route=\/wp\/v2\/posts"}],"about":[{"href":"https:\/\/trabucoradio.com\/home\/index.php?rest_route=\/wp\/v2\/types\/post"}],"author":[{"embeddable":true,"href":"https:\/\/trabucoradio.com\/home\/index.php?rest_route=\/wp\/v2\/users\/1"}],"replies":[{"embeddable":true,"href":"https:\/\/trabucoradio.com\/home\/index.php?rest_route=%2Fwp%2Fv2%2Fcomments&post=6988"}],"version-history":[{"count":1,"href":"https:\/\/trabucoradio.com\/home\/index.php?rest_route=\/wp\/v2\/posts\/6988\/revisions"}],"predecessor-version":[{"id":6990,"href":"https:\/\/trabucoradio.com\/home\/index.php?rest_route=\/wp\/v2\/posts\/6988\/revisions\/6990"}],"wp:featuredmedia":[{"embeddable":true,"href":"https:\/\/trabucoradio.com\/home\/index.php?rest_route=\/wp\/v2\/media\/6989"}],"wp:attachment":[{"href":"https:\/\/trabucoradio.com\/home\/index.php?rest_route=%2Fwp%2Fv2%2Fmedia&parent=6988"}],"wp:term":[{"taxonomy":"category","embeddable":true,"href":"https:\/\/trabucoradio.com\/home\/index.php?rest_route=%2Fwp%2Fv2%2Fcategories&post=6988"},{"taxonomy":"post_tag","embeddable":true,"href":"https:\/\/trabucoradio.com\/home\/index.php?rest_route=%2Fwp%2Fv2%2Ftags&post=6988"}],"curies":[{"name":"wp","href":"https:\/\/api.w.org\/{rel}","templated":true}]}}