{"id":6985,"date":"2026-09-05T12:46:30","date_gmt":"2026-09-05T18:46:30","guid":{"rendered":"https:\/\/trabucoradio.com\/home\/?p=6985"},"modified":"2026-09-05T12:46:30","modified_gmt":"2026-09-05T18:46:30","slug":"fox-y-alito-moreno-analizan-el-escenario-politico-y-el-futuro-de-la-oposicion","status":"publish","type":"post","link":"https:\/\/trabucoradio.com\/home\/?p=6985","title":{"rendered":"FOX Y ALITO MORENO ANALIZAN EL ESCENARIO POL\u00cdTICO Y EL FUTURO DE LA OPOSICI\u00d3N"},"content":{"rendered":"<p><strong>FOX Y ALITO<\/strong><strong> MORENO ANALIZAN EL ESCENARIO POL\u00cdTICO Y EL FUTURO DE LA OPOSICI\u00d3N<\/strong><\/p>\n<p>Vicente Fox Quesada, expresidente de M\u00e9xico, acudi\u00f3 a la sede nacional del PRI, donde sostuvo una reuni\u00f3n con Alejandro Moreno C\u00e1rdenas, dirigente nacional del partido. Durante el encuentro, ambos hablaron sobre el panorama pol\u00edtico del pa\u00eds, los retos que enfrenta M\u00e9xico y la posibilidad de fortalecer a las fuerzas de oposici\u00f3n.<\/p>\n<p>La reuni\u00f3n fue difundida por Moreno C\u00e1rdenas mediante su cuenta de X. El dirigente priista se\u00f1al\u00f3 que tambi\u00e9n se abordaron temas relacionados con la democracia, las instituciones, las libertades y la necesidad de mantener contrapesos. Adem\u00e1s, destac\u00f3 la visita de Fox al espacio donde se exhiben las fotograf\u00edas de quienes han encabezado al PRI a lo largo de su historia.<\/p>\n<p>El acercamiento se produce mientras Fox mantiene una participaci\u00f3n m\u00e1s activa dentro del PAN. A su vez, Jorge Romero, dirigente nacional panista, ha manifestado disposici\u00f3n para analizar posibles alianzas electorales con otros partidos de cara a los comicios del pr\u00f3ximo a\u00f1o.<\/p>\n<p>La reuni\u00f3n entre ambos pol\u00edticos forma parte de los encuentros que distintas figuras y partidos de oposici\u00f3n han sostenido para analizar posibles acuerdos pol\u00edticos y electorales rumbo a las pr\u00f3ximas elecciones.<\/p>\n","protected":false},"excerpt":{"rendered":"<p>FOX Y ALITO MORENO ANALIZAN EL ESCENARIO POL\u00cdTICO Y EL FUTURO DE LA OPOSICI\u00d3N Vicente Fox Quesada, expresidente de M\u00e9xico, acudi\u00f3 a la sede nacional del PRI, donde sostuvo una reuni\u00f3n con Alejandro Moreno C\u00e1rdenas, dirigente nacional del partido. Durante el encuentro, ambos hablaron sobre el panorama pol\u00edtico del pa\u00eds, los retos que enfrenta M\u00e9xico [&hellip;]<\/p>\n","protected":false},"author":1,"featured_media":6986,"comment_status":"open","ping_status":"open","sticky":false,"template":"","format":"standard","meta":{"footnotes":""},"categories":[4,3],"tags":[],"class_list":["post-6985","post","type-post","status-publish","format-standard","has-post-thumbnail","hentry","category-noticias","category-politica"],"_links":{"self":[{"href":"https:\/\/trabucoradio.com\/home\/index.php?rest_route=\/wp\/v2\/posts\/6985","targetHints":{"allow":["GET"]}}],"collection":[{"href":"https:\/\/trabucoradio.com\/home\/index.php?rest_route=\/wp\/v2\/posts"}],"about":[{"href":"https:\/\/trabucoradio.com\/home\/index.php?rest_route=\/wp\/v2\/types\/post"}],"author":[{"embeddable":true,"href":"https:\/\/trabucoradio.com\/home\/index.php?rest_route=\/wp\/v2\/users\/1"}],"replies":[{"embeddable":true,"href":"https:\/\/trabucoradio.com\/home\/index.php?rest_route=%2Fwp%2Fv2%2Fcomments&post=6985"}],"version-history":[{"count":1,"href":"https:\/\/trabucoradio.com\/home\/index.php?rest_route=\/wp\/v2\/posts\/6985\/revisions"}],"predecessor-version":[{"id":6987,"href":"https:\/\/trabucoradio.com\/home\/index.php?rest_route=\/wp\/v2\/posts\/6985\/revisions\/6987"}],"wp:featuredmedia":[{"embeddable":true,"href":"https:\/\/trabucoradio.com\/home\/index.php?rest_route=\/wp\/v2\/media\/6986"}],"wp:attachment":[{"href":"https:\/\/trabucoradio.com\/home\/index.php?rest_route=%2Fwp%2Fv2%2Fmedia&parent=6985"}],"wp:term":[{"taxonomy":"category","embeddable":true,"href":"https:\/\/trabucoradio.com\/home\/index.php?rest_route=%2Fwp%2Fv2%2Fcategories&post=6985"},{"taxonomy":"post_tag","embeddable":true,"href":"https:\/\/trabucoradio.com\/home\/index.php?rest_route=%2Fwp%2Fv2%2Ftags&post=6985"}],"curies":[{"name":"wp","href":"https:\/\/api.w.org\/{rel}","templated":true}]}}