{"id":6982,"date":"2026-09-05T11:01:08","date_gmt":"2026-09-05T17:01:08","guid":{"rendered":"https:\/\/trabucoradio.com\/home\/?p=6982"},"modified":"2026-09-05T11:01:08","modified_gmt":"2026-09-05T17:01:08","slug":"detenido-por-investigacion-en-el-caso-de-farath-coronel","status":"publish","type":"post","link":"https:\/\/trabucoradio.com\/home\/?p=6982","title":{"rendered":"DETENIDO POR INVESTIGACI\u00d3N EN EL CASO DE FARATH CORONEL"},"content":{"rendered":"<p><strong>DETENIDO POR INVESTIGACI\u00d3N EN EL CASO DE FARATH CORONEL<\/strong><\/p>\n<p>El\u00edas \u201cN\u201d fue detenido por autoridades del Estado de M\u00e9xico y qued\u00f3 bajo investigaci\u00f3n por su posible participaci\u00f3n directa en el homicidio de Farath Coronel, integrante de la comunidad LGBTIQ+, ocurrido el viernes 4 de septiembre en Cuautitl\u00e1n Izcalli.<\/p>\n<p>Seg\u00fan el reporte de las autoridades, el detenido trabajaba como elemento de seguridad privada y era escolta de Coronel cuando ocurrieron los hechos. La captura se llev\u00f3 a cabo despu\u00e9s de las indagatorias iniciadas por la Fiscal\u00eda General de Justicia del Estado de M\u00e9xico.<\/p>\n<p>Luego de su aseguramiento, El\u00edas \u201cN\u201d fue trasladado ante el Ministerio P\u00fablico, autoridad que deber\u00e1 definir su situaci\u00f3n jur\u00eddica. Se contempla que posteriormente comparezca ante un juez en el penal regional de Cuautitl\u00e1n.<\/p>\n<p>La investigaci\u00f3n contin\u00faa con el objetivo de establecer c\u00f3mo ocurri\u00f3 el homicidio y deslindar las responsabilidades legales correspondientes.<\/p>\n","protected":false},"excerpt":{"rendered":"<p>DETENIDO POR INVESTIGACI\u00d3N EN EL CASO DE FARATH CORONEL El\u00edas \u201cN\u201d fue detenido por autoridades del Estado de M\u00e9xico y qued\u00f3 bajo investigaci\u00f3n por su posible participaci\u00f3n directa en el homicidio de Farath Coronel, integrante de la comunidad LGBTIQ+, ocurrido el viernes 4 de septiembre en Cuautitl\u00e1n Izcalli. Seg\u00fan el reporte de las autoridades, el [&hellip;]<\/p>\n","protected":false},"author":1,"featured_media":6983,"comment_status":"open","ping_status":"open","sticky":false,"template":"","format":"standard","meta":{"footnotes":""},"categories":[4],"tags":[],"class_list":["post-6982","post","type-post","status-publish","format-standard","has-post-thumbnail","hentry","category-noticias"],"_links":{"self":[{"href":"https:\/\/trabucoradio.com\/home\/index.php?rest_route=\/wp\/v2\/posts\/6982","targetHints":{"allow":["GET"]}}],"collection":[{"href":"https:\/\/trabucoradio.com\/home\/index.php?rest_route=\/wp\/v2\/posts"}],"about":[{"href":"https:\/\/trabucoradio.com\/home\/index.php?rest_route=\/wp\/v2\/types\/post"}],"author":[{"embeddable":true,"href":"https:\/\/trabucoradio.com\/home\/index.php?rest_route=\/wp\/v2\/users\/1"}],"replies":[{"embeddable":true,"href":"https:\/\/trabucoradio.com\/home\/index.php?rest_route=%2Fwp%2Fv2%2Fcomments&post=6982"}],"version-history":[{"count":1,"href":"https:\/\/trabucoradio.com\/home\/index.php?rest_route=\/wp\/v2\/posts\/6982\/revisions"}],"predecessor-version":[{"id":6984,"href":"https:\/\/trabucoradio.com\/home\/index.php?rest_route=\/wp\/v2\/posts\/6982\/revisions\/6984"}],"wp:featuredmedia":[{"embeddable":true,"href":"https:\/\/trabucoradio.com\/home\/index.php?rest_route=\/wp\/v2\/media\/6983"}],"wp:attachment":[{"href":"https:\/\/trabucoradio.com\/home\/index.php?rest_route=%2Fwp%2Fv2%2Fmedia&parent=6982"}],"wp:term":[{"taxonomy":"category","embeddable":true,"href":"https:\/\/trabucoradio.com\/home\/index.php?rest_route=%2Fwp%2Fv2%2Fcategories&post=6982"},{"taxonomy":"post_tag","embeddable":true,"href":"https:\/\/trabucoradio.com\/home\/index.php?rest_route=%2Fwp%2Fv2%2Ftags&post=6982"}],"curies":[{"name":"wp","href":"https:\/\/api.w.org\/{rel}","templated":true}]}}