{"id":6979,"date":"2026-09-04T10:24:12","date_gmt":"2026-09-04T16:24:12","guid":{"rendered":"https:\/\/trabucoradio.com\/home\/?p=6979"},"modified":"2026-09-04T10:24:12","modified_gmt":"2026-09-04T16:24:12","slug":"llevan-a-barrientos-a-dos-presuntos-implicados-en-el-multihomicidio-del-musico-jonathan-melendez","status":"publish","type":"post","link":"https:\/\/trabucoradio.com\/home\/?p=6979","title":{"rendered":"LLEVAN A BARRIENTOS A DOS PRESUNTOS IMPLICADOS EN EL MULTIHOMICIDIO DEL M\u00daSICO JONATHAN MEL\u00c9NDEZ"},"content":{"rendered":"<p><strong>LLEVAN A BARRIENTOS A DOS PRESUNTOS IMPLICADOS EN EL MULTIHOMICIDIO DEL M\u00daSICO JONATHAN MEL\u00c9NDEZ<\/strong><\/p>\n<div class=\"x14z9mp xat24cr x1lziwak x1vvkbs xtlvy1s x126k92a\">\n<div dir=\"auto\">Diego Sebasti\u00e1n \u201cN\u201d y Gerardo \u201cN\u201d fueron ingresados al penal de Barrientos, en Tlalnepantla, luego de ser se\u00f1alados por su presunta participaci\u00f3n en el multihomicidio ocurrido en un departamento del fraccionamiento Grand Viure, en Bosque Esmeralda, Atizap\u00e1n de Zaragoza.<\/div>\n<div dir=\"auto\"><\/div>\n<\/div>\n<div class=\"x14z9mp xat24cr x1lziwak x1vvkbs xtlvy1s x126k92a\">\n<div dir=\"auto\">Entre las v\u00edctimas se encuentra Jonathan Mel\u00e9ndez, tecladista de Camilo S\u00e9ptimo, adem\u00e1s de su esposa Ana Paula, quien ten\u00eda cuatro meses de embarazo; su hija Sof\u00eda Aleyda, de 3 a\u00f1os, y una joven de 21 a\u00f1os que trabajaba en el hogar.<\/div>\n<\/div>\n<div class=\"x14z9mp xat24cr x1lziwak x1vvkbs xtlvy1s x126k92a\">\n<div dir=\"auto\">La Fiscal\u00eda del Estado de M\u00e9xico investiga lo ocurrido el pasado 1 de septiembre, entre las 17:30 y las 19:40 horas. Una de las l\u00edneas de investigaci\u00f3n apunta a que Diego Sebasti\u00e1n \u201cN\u201d pudo haber aprovechado una relaci\u00f3n de confianza con la familia para entrar al domicilio sin forzar el acceso.<\/div>\n<div dir=\"auto\"><\/div>\n<\/div>\n<div class=\"x14z9mp xat24cr x1lziwak x1vvkbs xtlvy1s x126k92a\">\n<div dir=\"auto\">Los dos se\u00f1alados deber\u00e1n comparecer ante un juez de control en la audiencia inicial, donde la Fiscal\u00eda mexiquense presentar\u00e1 los datos de prueba con los que buscar\u00e1 obtener su vinculaci\u00f3n a proceso. Los cuerpos fueron encontrados cerca de las 23:50 horas de ese mismo d\u00eda, despu\u00e9s de un reporte de la Polic\u00eda Municipal de Atizap\u00e1n.<\/div>\n<\/div>\n","protected":false},"excerpt":{"rendered":"<p>LLEVAN A BARRIENTOS A DOS PRESUNTOS IMPLICADOS EN EL MULTIHOMICIDIO DEL M\u00daSICO JONATHAN MEL\u00c9NDEZ Diego Sebasti\u00e1n \u201cN\u201d y Gerardo \u201cN\u201d fueron ingresados al penal de Barrientos, en Tlalnepantla, luego de ser se\u00f1alados por su presunta participaci\u00f3n en el multihomicidio ocurrido en un departamento del fraccionamiento Grand Viure, en Bosque Esmeralda, Atizap\u00e1n de Zaragoza. Entre las [&hellip;]<\/p>\n","protected":false},"author":1,"featured_media":6980,"comment_status":"open","ping_status":"open","sticky":false,"template":"","format":"standard","meta":{"footnotes":""},"categories":[4],"tags":[],"class_list":["post-6979","post","type-post","status-publish","format-standard","has-post-thumbnail","hentry","category-noticias"],"_links":{"self":[{"href":"https:\/\/trabucoradio.com\/home\/index.php?rest_route=\/wp\/v2\/posts\/6979","targetHints":{"allow":["GET"]}}],"collection":[{"href":"https:\/\/trabucoradio.com\/home\/index.php?rest_route=\/wp\/v2\/posts"}],"about":[{"href":"https:\/\/trabucoradio.com\/home\/index.php?rest_route=\/wp\/v2\/types\/post"}],"author":[{"embeddable":true,"href":"https:\/\/trabucoradio.com\/home\/index.php?rest_route=\/wp\/v2\/users\/1"}],"replies":[{"embeddable":true,"href":"https:\/\/trabucoradio.com\/home\/index.php?rest_route=%2Fwp%2Fv2%2Fcomments&post=6979"}],"version-history":[{"count":1,"href":"https:\/\/trabucoradio.com\/home\/index.php?rest_route=\/wp\/v2\/posts\/6979\/revisions"}],"predecessor-version":[{"id":6981,"href":"https:\/\/trabucoradio.com\/home\/index.php?rest_route=\/wp\/v2\/posts\/6979\/revisions\/6981"}],"wp:featuredmedia":[{"embeddable":true,"href":"https:\/\/trabucoradio.com\/home\/index.php?rest_route=\/wp\/v2\/media\/6980"}],"wp:attachment":[{"href":"https:\/\/trabucoradio.com\/home\/index.php?rest_route=%2Fwp%2Fv2%2Fmedia&parent=6979"}],"wp:term":[{"taxonomy":"category","embeddable":true,"href":"https:\/\/trabucoradio.com\/home\/index.php?rest_route=%2Fwp%2Fv2%2Fcategories&post=6979"},{"taxonomy":"post_tag","embeddable":true,"href":"https:\/\/trabucoradio.com\/home\/index.php?rest_route=%2Fwp%2Fv2%2Ftags&post=6979"}],"curies":[{"name":"wp","href":"https:\/\/api.w.org\/{rel}","templated":true}]}}