{"id":6976,"date":"2026-09-04T10:21:04","date_gmt":"2026-09-04T16:21:04","guid":{"rendered":"https:\/\/trabucoradio.com\/home\/?p=6976"},"modified":"2026-09-04T10:21:04","modified_gmt":"2026-09-04T16:21:04","slug":"700-dias-de-gobierno-en-comalcalco-destacan-obras-y-baja-en-delitos","status":"publish","type":"post","link":"https:\/\/trabucoradio.com\/home\/?p=6976","title":{"rendered":"700 D\u00cdAS DE GOBIERNO EN COMALCALCO: DESTACAN OBRAS Y BAJA EN DELITOS"},"content":{"rendered":"<p><strong>700 D\u00cdAS DE GOBIERNO EN COMALCALCO: DESTACAN OBRAS Y BAJA EN DELITOS<\/strong><\/p>\n<div class=\"x14z9mp xat24cr x1lziwak x1vvkbs xtlvy1s x126k92a\">\n<div dir=\"auto\">A 700 d\u00edas de iniciar su administraci\u00f3n, el alcalde <span class=\"html-span xdj266r x14z9mp xat24cr x1lziwak xexx8yu xyri2b x18d9i69 x1c1uobl x1hl2dhg x16tdsg8 x1vvkbs\"><a class=\"x1i10hfl xjbqb8w x1ejq31n x18oe1m7 x1sy0etr xstzfhl x972fbf x10w94by x1qhh985 x14e42zd x9f619 x1ypdohk xt0psk2 x3ct3a4 xdj266r x14z9mp xat24cr x1lziwak xexx8yu xyri2b x18d9i69 x1c1uobl x16tdsg8 x1hl2dhg xggy1nq x1a2a7pz xkrqix3 x1sur9pj x1fey0fg x1s688f\" tabindex=\"0\" role=\"link\" href=\"https:\/\/www.facebook.com\/OvidioPeraltaS?__cft__[0]=AZiGB-ZqagnvhCCdgflzzTYXFR3xdpxXYBAFo-yI8y5oMeEwjHUsteZIwcbxSybdTcPKPe_Abjp7lfa_VJWgnz3qpQwxhsDwQd7Mk-h3OZLj8SKb0-LwvMUAuDhr0zDFmU0M4VIeZ5XuBcoQOv9UGpnbip0kKHrGindcZWUOnPwxWLflaA-ClgAMxMM&amp;__tn__=-]K-R\"><span class=\"xt0psk2\"><span class=\"xjp7ctv\">Ovidio Peralta Su\u00e1rez<\/span><\/span><\/a><\/span> present\u00f3 un balance de resultados en Comalcalco, donde destac\u00f3 acciones en infraestructura, seguridad, desarrollo social, educaci\u00f3n, campo, turismo y medio ambiente.<\/div>\n<div dir=\"auto\"><\/div>\n<\/div>\n<div class=\"x14z9mp xat24cr x1lziwak x1vvkbs xtlvy1s x126k92a\">\n<div dir=\"auto\">Entre las cifras se\u00f1aladas se encuentra una inversi\u00f3n de 576.5 millones de pesos en obra p\u00fablica, destinada a trabajos de vialidad, ampliaci\u00f3n de redes de agua potable y drenaje, electrificaci\u00f3n y alumbrado p\u00fablico. En seguridad, el municipio report\u00f3 una disminuci\u00f3n de 64.1% en homicidios dolosos y de 89.4% en robo de veh\u00edculos, adem\u00e1s de 39 millones de pesos destinados a equipamiento policial.<\/div>\n<div dir=\"auto\"><\/div>\n<\/div>\n<div class=\"x14z9mp xat24cr x1lziwak x1vvkbs xtlvy1s x126k92a\">\n<div dir=\"auto\">Durante la presentaci\u00f3n, Peralta Su\u00e1rez estuvo acompa\u00f1ado por la presidenta del DIF Municipal, Laura Rodr\u00edguez Ol\u00e1n, y su gabinete. El alcalde reconoci\u00f3 el respaldo de la presidenta Claudia Sheinbaum y del gobernador Javier May, y asegur\u00f3 que continuar\u00e1 trabajando en favor de las familias de Comalcalco.<\/div>\n<\/div>\n","protected":false},"excerpt":{"rendered":"<p>700 D\u00cdAS DE GOBIERNO EN COMALCALCO: DESTACAN OBRAS Y BAJA EN DELITOS A 700 d\u00edas de iniciar su administraci\u00f3n, el alcalde Ovidio Peralta Su\u00e1rez present\u00f3 un balance de resultados en Comalcalco, donde destac\u00f3 acciones en infraestructura, seguridad, desarrollo social, educaci\u00f3n, campo, turismo y medio ambiente. Entre las cifras se\u00f1aladas se encuentra una inversi\u00f3n de 576.5 [&hellip;]<\/p>\n","protected":false},"author":1,"featured_media":6977,"comment_status":"open","ping_status":"open","sticky":false,"template":"","format":"standard","meta":{"footnotes":""},"categories":[4,3],"tags":[],"class_list":["post-6976","post","type-post","status-publish","format-standard","has-post-thumbnail","hentry","category-noticias","category-politica"],"_links":{"self":[{"href":"https:\/\/trabucoradio.com\/home\/index.php?rest_route=\/wp\/v2\/posts\/6976","targetHints":{"allow":["GET"]}}],"collection":[{"href":"https:\/\/trabucoradio.com\/home\/index.php?rest_route=\/wp\/v2\/posts"}],"about":[{"href":"https:\/\/trabucoradio.com\/home\/index.php?rest_route=\/wp\/v2\/types\/post"}],"author":[{"embeddable":true,"href":"https:\/\/trabucoradio.com\/home\/index.php?rest_route=\/wp\/v2\/users\/1"}],"replies":[{"embeddable":true,"href":"https:\/\/trabucoradio.com\/home\/index.php?rest_route=%2Fwp%2Fv2%2Fcomments&post=6976"}],"version-history":[{"count":1,"href":"https:\/\/trabucoradio.com\/home\/index.php?rest_route=\/wp\/v2\/posts\/6976\/revisions"}],"predecessor-version":[{"id":6978,"href":"https:\/\/trabucoradio.com\/home\/index.php?rest_route=\/wp\/v2\/posts\/6976\/revisions\/6978"}],"wp:featuredmedia":[{"embeddable":true,"href":"https:\/\/trabucoradio.com\/home\/index.php?rest_route=\/wp\/v2\/media\/6977"}],"wp:attachment":[{"href":"https:\/\/trabucoradio.com\/home\/index.php?rest_route=%2Fwp%2Fv2%2Fmedia&parent=6976"}],"wp:term":[{"taxonomy":"category","embeddable":true,"href":"https:\/\/trabucoradio.com\/home\/index.php?rest_route=%2Fwp%2Fv2%2Fcategories&post=6976"},{"taxonomy":"post_tag","embeddable":true,"href":"https:\/\/trabucoradio.com\/home\/index.php?rest_route=%2Fwp%2Fv2%2Ftags&post=6976"}],"curies":[{"name":"wp","href":"https:\/\/api.w.org\/{rel}","templated":true}]}}