{"id":6972,"date":"2026-09-03T16:01:19","date_gmt":"2026-09-03T22:01:19","guid":{"rendered":"https:\/\/trabucoradio.com\/home\/?p=6972"},"modified":"2026-09-03T16:01:19","modified_gmt":"2026-09-03T22:01:19","slug":"brote-de-gastroenteritis-afecta-a-135-medicos-residentes","status":"publish","type":"post","link":"https:\/\/trabucoradio.com\/home\/?p=6972","title":{"rendered":"BROTE DE GASTROENTERITIS AFECTA A 135 M\u00c9DICOS RESIDENTES"},"content":{"rendered":"<p><strong>BROTE DE GASTROENTERITIS AFECTA A 135 M\u00c9DICOS RESIDENTES<\/strong><\/p>\n<p>Un brote de gastroenteritis infecciosa aguda afecta a 135 m\u00e9dicos residentes y de alta especialidad del Hospital General de M\u00e9xico \u00abDr. Eduardo Liceaga\u00bb. De las personas atendidas, 41 permanecen hospitalizadas, todas reportadas estables y bajo vigilancia m\u00e9dica.<\/p>\n<p>Los estudios de laboratorio confirmaron la presencia de\u00a0<em>Salmonella spp.<\/em>\u00a0en los casos analizados y, en dos pacientes, tambi\u00e9n se identific\u00f3\u00a0<em>Escherichia coli<\/em>\u00a0enterotoxig\u00e9nica (ETEC).<\/p>\n<p>Como medida inmediata, el hospital suspendi\u00f3 el servicio subrogado de comedor para m\u00e9dicos residentes, debido a que el consumo de alimentos de este servicio es considerado un factor asociado al brote. No obstante, las autoridades se\u00f1alaron que a\u00fan no se confirma que el comedor sea la fuente de contaminaci\u00f3n.<\/p>\n<p>La investigaci\u00f3n epidemiol\u00f3gica y sanitaria contin\u00faa para determinar el origen del brote. El caso se presenta despu\u00e9s de denuncias previas de residentes sobre problemas de higiene, disponibilidad y calidad de los alimentos, adem\u00e1s de deficiencias en la limpieza de los cubiertos.<\/p>\n","protected":false},"excerpt":{"rendered":"<p>BROTE DE GASTROENTERITIS AFECTA A 135 M\u00c9DICOS RESIDENTES Un brote de gastroenteritis infecciosa aguda afecta a 135 m\u00e9dicos residentes y de alta especialidad del Hospital General de M\u00e9xico \u00abDr. Eduardo Liceaga\u00bb. De las personas atendidas, 41 permanecen hospitalizadas, todas reportadas estables y bajo vigilancia m\u00e9dica. Los estudios de laboratorio confirmaron la presencia de\u00a0Salmonella spp.\u00a0en los [&hellip;]<\/p>\n","protected":false},"author":1,"featured_media":6973,"comment_status":"open","ping_status":"open","sticky":false,"template":"","format":"standard","meta":{"footnotes":""},"categories":[4],"tags":[],"class_list":["post-6972","post","type-post","status-publish","format-standard","has-post-thumbnail","hentry","category-noticias"],"_links":{"self":[{"href":"https:\/\/trabucoradio.com\/home\/index.php?rest_route=\/wp\/v2\/posts\/6972","targetHints":{"allow":["GET"]}}],"collection":[{"href":"https:\/\/trabucoradio.com\/home\/index.php?rest_route=\/wp\/v2\/posts"}],"about":[{"href":"https:\/\/trabucoradio.com\/home\/index.php?rest_route=\/wp\/v2\/types\/post"}],"author":[{"embeddable":true,"href":"https:\/\/trabucoradio.com\/home\/index.php?rest_route=\/wp\/v2\/users\/1"}],"replies":[{"embeddable":true,"href":"https:\/\/trabucoradio.com\/home\/index.php?rest_route=%2Fwp%2Fv2%2Fcomments&post=6972"}],"version-history":[{"count":1,"href":"https:\/\/trabucoradio.com\/home\/index.php?rest_route=\/wp\/v2\/posts\/6972\/revisions"}],"predecessor-version":[{"id":6974,"href":"https:\/\/trabucoradio.com\/home\/index.php?rest_route=\/wp\/v2\/posts\/6972\/revisions\/6974"}],"wp:featuredmedia":[{"embeddable":true,"href":"https:\/\/trabucoradio.com\/home\/index.php?rest_route=\/wp\/v2\/media\/6973"}],"wp:attachment":[{"href":"https:\/\/trabucoradio.com\/home\/index.php?rest_route=%2Fwp%2Fv2%2Fmedia&parent=6972"}],"wp:term":[{"taxonomy":"category","embeddable":true,"href":"https:\/\/trabucoradio.com\/home\/index.php?rest_route=%2Fwp%2Fv2%2Fcategories&post=6972"},{"taxonomy":"post_tag","embeddable":true,"href":"https:\/\/trabucoradio.com\/home\/index.php?rest_route=%2Fwp%2Fv2%2Ftags&post=6972"}],"curies":[{"name":"wp","href":"https:\/\/api.w.org\/{rel}","templated":true}]}}