{"id":6967,"date":"2026-09-03T15:51:54","date_gmt":"2026-09-03T21:51:54","guid":{"rendered":"https:\/\/trabucoradio.com\/home\/?p=6967"},"modified":"2026-09-03T15:51:54","modified_gmt":"2026-09-03T21:51:54","slug":"presentan-a-nelson-gallegos-vaca-como-nuevo-coordinador-del-prd-en-el-congreso-de-tabasco","status":"publish","type":"post","link":"https:\/\/trabucoradio.com\/home\/?p=6967","title":{"rendered":"PRESENTAN A NELSON GALLEGOS VACA COMO NUEVO COORDINADOR DEL PRD EN EL CONGRESO DE TABASCO"},"content":{"rendered":"<p><strong>PRESENTAN A NELSON GALLEGOS VACA COMO NUEVO COORDINADOR DEL PRD EN EL CONGRESO DE TABASCO<\/strong><\/p>\n<div class=\"x14z9mp xat24cr x1lziwak x1vvkbs xtlvy1s x126k92a\">\n<div dir=\"auto\">En rueda de prensa, este jueves fue presentado <span class=\"html-span xdj266r x14z9mp xat24cr x1lziwak xexx8yu xyri2b x18d9i69 x1c1uobl x1hl2dhg x16tdsg8 x1vvkbs\"><a class=\"x1i10hfl xjbqb8w x1ejq31n x18oe1m7 x1sy0etr xstzfhl x972fbf x10w94by x1qhh985 x14e42zd x9f619 x1ypdohk xt0psk2 x3ct3a4 xdj266r x14z9mp xat24cr x1lziwak xexx8yu xyri2b x18d9i69 x1c1uobl x16tdsg8 x1hl2dhg xggy1nq x1a2a7pz xkrqix3 x1sur9pj x1fey0fg x1s688f\" tabindex=\"0\" role=\"link\" href=\"https:\/\/www.facebook.com\/NELSONVACA2021?__cft__[0]=AZjtokW5mf8rm4fHW877Xf1mCdD_ofrxIapwB3kW5ygCiN43iAEQvS00K4ooEPgv9gk0kRCYPWsD7phCD9XlVcBEZpRLkOuXEm5hE3NP9WIzem2vXtOiPWKAGMcPbeYIOlYFQzZ32TwupEBu4rXDB-p3QGYWpQEZKGyn8KPy3ZPPJbdo7qjy9V4TOYs&amp;__tn__=-]K-R\"><span class=\"xt0psk2\"><span class=\"xjp7ctv\">Nelson Humberto Gallegos Vaca<\/span><\/span><\/a><\/span> como nuevo coordinador de la fracci\u00f3n parlamentaria del PRD en el Congreso del Estado de Tabasco.<\/div>\n<div dir=\"auto\"><\/div>\n<\/div>\n<div class=\"x14z9mp xat24cr x1lziwak x1vvkbs xtlvy1s x126k92a\">\n<div dir=\"auto\">El anuncio fue realizado por Francisco Javier Cabrera, quien hasta este d\u00eda se desempe\u00f1aba como coordinador de la bancada perredista. Asimismo, se inform\u00f3 que la diputada Claudia G\u00f3mez continuar\u00e1 al frente de la vicecoordinaci\u00f3n de la fracci\u00f3n parlamentaria.<\/div>\n<\/div>\n","protected":false},"excerpt":{"rendered":"<p>PRESENTAN A NELSON GALLEGOS VACA COMO NUEVO COORDINADOR DEL PRD EN EL CONGRESO DE TABASCO En rueda de prensa, este jueves fue presentado Nelson Humberto Gallegos Vaca como nuevo coordinador de la fracci\u00f3n parlamentaria del PRD en el Congreso del Estado de Tabasco. El anuncio fue realizado por Francisco Javier Cabrera, quien hasta este d\u00eda [&hellip;]<\/p>\n","protected":false},"author":1,"featured_media":6968,"comment_status":"open","ping_status":"open","sticky":false,"template":"","format":"standard","meta":{"footnotes":""},"categories":[4,3],"tags":[],"class_list":["post-6967","post","type-post","status-publish","format-standard","has-post-thumbnail","hentry","category-noticias","category-politica"],"_links":{"self":[{"href":"https:\/\/trabucoradio.com\/home\/index.php?rest_route=\/wp\/v2\/posts\/6967","targetHints":{"allow":["GET"]}}],"collection":[{"href":"https:\/\/trabucoradio.com\/home\/index.php?rest_route=\/wp\/v2\/posts"}],"about":[{"href":"https:\/\/trabucoradio.com\/home\/index.php?rest_route=\/wp\/v2\/types\/post"}],"author":[{"embeddable":true,"href":"https:\/\/trabucoradio.com\/home\/index.php?rest_route=\/wp\/v2\/users\/1"}],"replies":[{"embeddable":true,"href":"https:\/\/trabucoradio.com\/home\/index.php?rest_route=%2Fwp%2Fv2%2Fcomments&post=6967"}],"version-history":[{"count":1,"href":"https:\/\/trabucoradio.com\/home\/index.php?rest_route=\/wp\/v2\/posts\/6967\/revisions"}],"predecessor-version":[{"id":6969,"href":"https:\/\/trabucoradio.com\/home\/index.php?rest_route=\/wp\/v2\/posts\/6967\/revisions\/6969"}],"wp:featuredmedia":[{"embeddable":true,"href":"https:\/\/trabucoradio.com\/home\/index.php?rest_route=\/wp\/v2\/media\/6968"}],"wp:attachment":[{"href":"https:\/\/trabucoradio.com\/home\/index.php?rest_route=%2Fwp%2Fv2%2Fmedia&parent=6967"}],"wp:term":[{"taxonomy":"category","embeddable":true,"href":"https:\/\/trabucoradio.com\/home\/index.php?rest_route=%2Fwp%2Fv2%2Fcategories&post=6967"},{"taxonomy":"post_tag","embeddable":true,"href":"https:\/\/trabucoradio.com\/home\/index.php?rest_route=%2Fwp%2Fv2%2Ftags&post=6967"}],"curies":[{"name":"wp","href":"https:\/\/api.w.org\/{rel}","templated":true}]}}