{"id":6964,"date":"2026-09-03T15:49:58","date_gmt":"2026-09-03T21:49:58","guid":{"rendered":"https:\/\/trabucoradio.com\/home\/?p=6964"},"modified":"2026-09-03T15:49:58","modified_gmt":"2026-09-03T21:49:58","slug":"inaugura-javier-may-convencion-internacional-sos26-en-tabasco","status":"publish","type":"post","link":"https:\/\/trabucoradio.com\/home\/?p=6964","title":{"rendered":"INAUGURA JAVIER MAY CONVENCI\u00d3N INTERNACIONAL SOS26 EN TABASCO"},"content":{"rendered":"<p><strong>INAUGURA JAVIER MAY CONVENCI\u00d3N INTERNACIONAL SOS26 EN TABASCO<\/strong><\/p>\n<div class=\"x14z9mp xat24cr x1lziwak x1vvkbs xtlvy1s x126k92a\">\n<div dir=\"auto\">El gobernador <span class=\"html-span xdj266r x14z9mp xat24cr x1lziwak xexx8yu xyri2b x18d9i69 x1c1uobl x1hl2dhg x16tdsg8 x1vvkbs\"><a class=\"x1i10hfl xjbqb8w x1ejq31n x18oe1m7 x1sy0etr xstzfhl x972fbf x10w94by x1qhh985 x14e42zd x9f619 x1ypdohk xt0psk2 x3ct3a4 xdj266r x14z9mp xat24cr x1lziwak xexx8yu xyri2b x18d9i69 x1c1uobl x16tdsg8 x1hl2dhg xggy1nq x1a2a7pz xkrqix3 x1sur9pj x1fey0fg x1s688f\" tabindex=\"0\" role=\"link\" href=\"https:\/\/www.facebook.com\/TabascoJavier?__cft__[0]=AZhkER6gOB-UNYZTZGicT5SA_rg8uVvCCESL0ZxAU9Gz0DhHOEnExi-cB9xmQAWyIyE0KfvTdpGBuf7K_chKCXzVDet6XoT8jCuGA9WoBh0eK2wVi4A6SmAXH7gVp0o5S5Crf5GUkP2Bu2tgHZM-rjSV8GH0IpIixPOT4FANxkjr1tE1q0nmBZ9sIkw&amp;__tn__=-]K-R\"><span class=\"xt0psk2\"><span class=\"xjp7ctv\">Javier May Rodr\u00edguez<\/span><\/span><\/a><\/span> encabez\u00f3 la apertura de la Convenci\u00f3n Internacional SOS26, destacando la contribuci\u00f3n hist\u00f3rica de la entidad al sector energ\u00e9tico nacional con responsabilidad ambiental.<\/div>\n<div dir=\"auto\"><\/div>\n<\/div>\n<div class=\"x14z9mp xat24cr x1lziwak x1vvkbs xtlvy1s x126k92a\">\n<div dir=\"auto\">El mandatario estatal subray\u00f3 la urgencia de incorporar nuevas tecnolog\u00edas y mejores pr\u00e1cticas industriales para consolidar la soberan\u00eda energ\u00e9tica sin comprometer la preservaci\u00f3n de los recursos naturales.<\/div>\n<div dir=\"auto\"><\/div>\n<\/div>\n<div class=\"x14z9mp xat24cr x1lziwak x1vvkbs xtlvy1s x126k92a\">\n<div dir=\"auto\">Con la representaci\u00f3n de la presidenta Claudia Sheinbaum, la titular de la ASEA, Andrea Gonz\u00e1lez, respald\u00f3 el encuentro como plataforma clave para impulsar la transici\u00f3n y protecci\u00f3n ecol\u00f3gica.<\/div>\n<div dir=\"auto\"><\/div>\n<\/div>\n<div class=\"x14z9mp xat24cr x1lziwak x1vvkbs xtlvy1s x126k92a\">\n<div dir=\"auto\">Por su parte, la SEMADES enfatiz\u00f3 que el Centro de Convenciones servir\u00e1 como espacio de alianzas estrat\u00e9gicas entre sectores para unificar las agendas energ\u00e9tica y ambiental del estado.<\/div>\n<\/div>\n","protected":false},"excerpt":{"rendered":"<p>INAUGURA JAVIER MAY CONVENCI\u00d3N INTERNACIONAL SOS26 EN TABASCO El gobernador Javier May Rodr\u00edguez encabez\u00f3 la apertura de la Convenci\u00f3n Internacional SOS26, destacando la contribuci\u00f3n hist\u00f3rica de la entidad al sector energ\u00e9tico nacional con responsabilidad ambiental. El mandatario estatal subray\u00f3 la urgencia de incorporar nuevas tecnolog\u00edas y mejores pr\u00e1cticas industriales para consolidar la soberan\u00eda energ\u00e9tica sin [&hellip;]<\/p>\n","protected":false},"author":1,"featured_media":6965,"comment_status":"open","ping_status":"open","sticky":false,"template":"","format":"standard","meta":{"footnotes":""},"categories":[4],"tags":[],"class_list":["post-6964","post","type-post","status-publish","format-standard","has-post-thumbnail","hentry","category-noticias"],"_links":{"self":[{"href":"https:\/\/trabucoradio.com\/home\/index.php?rest_route=\/wp\/v2\/posts\/6964","targetHints":{"allow":["GET"]}}],"collection":[{"href":"https:\/\/trabucoradio.com\/home\/index.php?rest_route=\/wp\/v2\/posts"}],"about":[{"href":"https:\/\/trabucoradio.com\/home\/index.php?rest_route=\/wp\/v2\/types\/post"}],"author":[{"embeddable":true,"href":"https:\/\/trabucoradio.com\/home\/index.php?rest_route=\/wp\/v2\/users\/1"}],"replies":[{"embeddable":true,"href":"https:\/\/trabucoradio.com\/home\/index.php?rest_route=%2Fwp%2Fv2%2Fcomments&post=6964"}],"version-history":[{"count":1,"href":"https:\/\/trabucoradio.com\/home\/index.php?rest_route=\/wp\/v2\/posts\/6964\/revisions"}],"predecessor-version":[{"id":6966,"href":"https:\/\/trabucoradio.com\/home\/index.php?rest_route=\/wp\/v2\/posts\/6964\/revisions\/6966"}],"wp:featuredmedia":[{"embeddable":true,"href":"https:\/\/trabucoradio.com\/home\/index.php?rest_route=\/wp\/v2\/media\/6965"}],"wp:attachment":[{"href":"https:\/\/trabucoradio.com\/home\/index.php?rest_route=%2Fwp%2Fv2%2Fmedia&parent=6964"}],"wp:term":[{"taxonomy":"category","embeddable":true,"href":"https:\/\/trabucoradio.com\/home\/index.php?rest_route=%2Fwp%2Fv2%2Fcategories&post=6964"},{"taxonomy":"post_tag","embeddable":true,"href":"https:\/\/trabucoradio.com\/home\/index.php?rest_route=%2Fwp%2Fv2%2Ftags&post=6964"}],"curies":[{"name":"wp","href":"https:\/\/api.w.org\/{rel}","templated":true}]}}