{"id":6961,"date":"2026-09-03T15:47:47","date_gmt":"2026-09-03T21:47:47","guid":{"rendered":"https:\/\/trabucoradio.com\/home\/?p=6961"},"modified":"2026-09-03T15:47:47","modified_gmt":"2026-09-03T21:47:47","slug":"eu-sigue-enviando-a-mexicanos-deportados-a-otros-paises-pese-a-reclamo-de-mexico","status":"publish","type":"post","link":"https:\/\/trabucoradio.com\/home\/?p=6961","title":{"rendered":"EU SIGUE ENVIANDO A MEXICANOS DEPORTADOS A OTROS PA\u00cdSES PESE A RECLAMO DE M\u00c9XICO"},"content":{"rendered":"<p><strong>EU SIGUE ENVIANDO A MEXICANOS DEPORTADOS A OTROS PA\u00cdSES PESE A RECLAMO DE M\u00c9XICO<\/strong><\/p>\n<p>La presidenta Claudia Sheinbaum expres\u00f3 su firme rechazo a que las autoridades estadounidenses env\u00eden a ciudadanos mexicanos deportados a naciones de Centroam\u00e9rica. El comisionado del INM, Sergio Salom\u00f3n C\u00e9spedes, revel\u00f3 que cerca de dos mil 900 connacionales han sido trasladados a pa\u00edses como Guatemala, Honduras y Costa Rica.<\/p>\n<p>El Gobierno federal manifest\u00f3 formalmente su inconformidad mediante la Canciller\u00eda y Gobernaci\u00f3n, sosteniendo conversaciones de alto nivel para exigir la suspensi\u00f3n inmediata de esta pr\u00e1ctica.<\/p>\n<p>Aunque la totalidad de los mexicanos repatriados a terceros pa\u00edses ya retorn\u00f3 a suelo nacional, las autoridades advierten que los traslados irregulares a\u00fan contin\u00faan registr\u00e1ndose.<\/p>\n","protected":false},"excerpt":{"rendered":"<p>EU SIGUE ENVIANDO A MEXICANOS DEPORTADOS A OTROS PA\u00cdSES PESE A RECLAMO DE M\u00c9XICO La presidenta Claudia Sheinbaum expres\u00f3 su firme rechazo a que las autoridades estadounidenses env\u00eden a ciudadanos mexicanos deportados a naciones de Centroam\u00e9rica. El comisionado del INM, Sergio Salom\u00f3n C\u00e9spedes, revel\u00f3 que cerca de dos mil 900 connacionales han sido trasladados a [&hellip;]<\/p>\n","protected":false},"author":1,"featured_media":6962,"comment_status":"open","ping_status":"open","sticky":false,"template":"","format":"standard","meta":{"footnotes":""},"categories":[4],"tags":[],"class_list":["post-6961","post","type-post","status-publish","format-standard","has-post-thumbnail","hentry","category-noticias"],"_links":{"self":[{"href":"https:\/\/trabucoradio.com\/home\/index.php?rest_route=\/wp\/v2\/posts\/6961","targetHints":{"allow":["GET"]}}],"collection":[{"href":"https:\/\/trabucoradio.com\/home\/index.php?rest_route=\/wp\/v2\/posts"}],"about":[{"href":"https:\/\/trabucoradio.com\/home\/index.php?rest_route=\/wp\/v2\/types\/post"}],"author":[{"embeddable":true,"href":"https:\/\/trabucoradio.com\/home\/index.php?rest_route=\/wp\/v2\/users\/1"}],"replies":[{"embeddable":true,"href":"https:\/\/trabucoradio.com\/home\/index.php?rest_route=%2Fwp%2Fv2%2Fcomments&post=6961"}],"version-history":[{"count":1,"href":"https:\/\/trabucoradio.com\/home\/index.php?rest_route=\/wp\/v2\/posts\/6961\/revisions"}],"predecessor-version":[{"id":6963,"href":"https:\/\/trabucoradio.com\/home\/index.php?rest_route=\/wp\/v2\/posts\/6961\/revisions\/6963"}],"wp:featuredmedia":[{"embeddable":true,"href":"https:\/\/trabucoradio.com\/home\/index.php?rest_route=\/wp\/v2\/media\/6962"}],"wp:attachment":[{"href":"https:\/\/trabucoradio.com\/home\/index.php?rest_route=%2Fwp%2Fv2%2Fmedia&parent=6961"}],"wp:term":[{"taxonomy":"category","embeddable":true,"href":"https:\/\/trabucoradio.com\/home\/index.php?rest_route=%2Fwp%2Fv2%2Fcategories&post=6961"},{"taxonomy":"post_tag","embeddable":true,"href":"https:\/\/trabucoradio.com\/home\/index.php?rest_route=%2Fwp%2Fv2%2Ftags&post=6961"}],"curies":[{"name":"wp","href":"https:\/\/api.w.org\/{rel}","templated":true}]}}