{"id":6950,"date":"2026-08-31T09:35:47","date_gmt":"2026-08-31T15:35:47","guid":{"rendered":"https:\/\/trabucoradio.com\/home\/?p=6950"},"modified":"2026-08-31T09:35:47","modified_gmt":"2026-08-31T15:35:47","slug":"nepal-eleva-a-903-los-muertos-por-las-inundaciones","status":"publish","type":"post","link":"https:\/\/trabucoradio.com\/home\/?p=6950","title":{"rendered":"NEPAL ELEVA A 903 LOS MUERTOS POR LAS INUNDACIONES"},"content":{"rendered":"<p><strong>NEPAL ELEVA A 903 LOS MUERTOS POR LAS INUNDACIONES<\/strong><\/p>\n<p>Las autoridades de Nepal elevaron este lunes a 903 la cifra de personas fallecidas y a 4 mil 247 la de desaparecidas tras la devastadora riada que golpe\u00f3 el norte y centro del pa\u00eds el pasado mi\u00e9rcoles. Al considerar los registros de ambos lados de la frontera, el saldo asciende a 919 muertos y 4 mil 793 personas sin localizar.<\/p>\n<p>El aumento en el n\u00famero de desaparecidos se relaciona con la recuperaci\u00f3n gradual de las comunicaciones en zonas aisladas, lo que permiti\u00f3 integrar nuevos registros de las distintas administraciones. Adem\u00e1s, se reportan 933 trabajadores atrapados o no localizados en complejos hidroel\u00e9ctricos, as\u00ed como 83 integrantes de las fuerzas de seguridad y 21 funcionarios p\u00fablicos.<\/p>\n<p>La Junta de Turismo de Nepal inform\u00f3 que las autoridades lograron establecer contacto con cinco extranjeros que se encontraban en la zona afectada: tres espa\u00f1oles, un estadounidense y un belga. Hasta el momento, el reporte no especifica si fueron evacuados o contin\u00faan a la espera de ser rescatados.<\/p>\n<p>Las labores de b\u00fasqueda y rescate contin\u00faan con la participaci\u00f3n de 20 mil 811 elementos de las fuerzas de seguridad y seis equipos m\u00e9dico-quir\u00fargicos.<\/p>\n","protected":false},"excerpt":{"rendered":"<p>NEPAL ELEVA A 903 LOS MUERTOS POR LAS INUNDACIONES Las autoridades de Nepal elevaron este lunes a 903 la cifra de personas fallecidas y a 4 mil 247 la de desaparecidas tras la devastadora riada que golpe\u00f3 el norte y centro del pa\u00eds el pasado mi\u00e9rcoles. Al considerar los registros de ambos lados de la [&hellip;]<\/p>\n","protected":false},"author":1,"featured_media":6951,"comment_status":"open","ping_status":"open","sticky":false,"template":"","format":"standard","meta":{"footnotes":""},"categories":[4],"tags":[],"class_list":["post-6950","post","type-post","status-publish","format-standard","has-post-thumbnail","hentry","category-noticias"],"_links":{"self":[{"href":"https:\/\/trabucoradio.com\/home\/index.php?rest_route=\/wp\/v2\/posts\/6950","targetHints":{"allow":["GET"]}}],"collection":[{"href":"https:\/\/trabucoradio.com\/home\/index.php?rest_route=\/wp\/v2\/posts"}],"about":[{"href":"https:\/\/trabucoradio.com\/home\/index.php?rest_route=\/wp\/v2\/types\/post"}],"author":[{"embeddable":true,"href":"https:\/\/trabucoradio.com\/home\/index.php?rest_route=\/wp\/v2\/users\/1"}],"replies":[{"embeddable":true,"href":"https:\/\/trabucoradio.com\/home\/index.php?rest_route=%2Fwp%2Fv2%2Fcomments&post=6950"}],"version-history":[{"count":1,"href":"https:\/\/trabucoradio.com\/home\/index.php?rest_route=\/wp\/v2\/posts\/6950\/revisions"}],"predecessor-version":[{"id":6952,"href":"https:\/\/trabucoradio.com\/home\/index.php?rest_route=\/wp\/v2\/posts\/6950\/revisions\/6952"}],"wp:featuredmedia":[{"embeddable":true,"href":"https:\/\/trabucoradio.com\/home\/index.php?rest_route=\/wp\/v2\/media\/6951"}],"wp:attachment":[{"href":"https:\/\/trabucoradio.com\/home\/index.php?rest_route=%2Fwp%2Fv2%2Fmedia&parent=6950"}],"wp:term":[{"taxonomy":"category","embeddable":true,"href":"https:\/\/trabucoradio.com\/home\/index.php?rest_route=%2Fwp%2Fv2%2Fcategories&post=6950"},{"taxonomy":"post_tag","embeddable":true,"href":"https:\/\/trabucoradio.com\/home\/index.php?rest_route=%2Fwp%2Fv2%2Ftags&post=6950"}],"curies":[{"name":"wp","href":"https:\/\/api.w.org\/{rel}","templated":true}]}}