{"id":6947,"date":"2026-08-31T09:31:38","date_gmt":"2026-08-31T15:31:38","guid":{"rendered":"https:\/\/trabucoradio.com\/home\/?p=6947"},"modified":"2026-08-31T09:31:38","modified_gmt":"2026-08-31T15:31:38","slug":"lionel-messi-anuncia-su-retiro-de-la-seleccion-argentina","status":"publish","type":"post","link":"https:\/\/trabucoradio.com\/home\/?p=6947","title":{"rendered":"LIONEL MESSI ANUNCIA SU RETIRO DE LA SELECCI\u00d3N ARGENTINA"},"content":{"rendered":"<p><strong>LIONEL MESSI ANUNCIA SU RETIRO DE LA SELECCI\u00d3N ARGENTINA<\/strong><\/p>\n<p>Lionel Messi, de 39 a\u00f1os, anunci\u00f3 este lunes su retiro de la selecci\u00f3n de Argentina y explic\u00f3 que considera que ha llegado el momento de dar un paso al costado.<\/p>\n<p>El futbolista se\u00f1al\u00f3 que ya entreg\u00f3 todo lo que ten\u00eda para ofrecer con el combinado nacional y destac\u00f3 la aparici\u00f3n de nuevos jugadores que, a su consideraci\u00f3n, merecen ocupar ese lugar.<\/p>\n","protected":false},"excerpt":{"rendered":"<p>LIONEL MESSI ANUNCIA SU RETIRO DE LA SELECCI\u00d3N ARGENTINA Lionel Messi, de 39 a\u00f1os, anunci\u00f3 este lunes su retiro de la selecci\u00f3n de Argentina y explic\u00f3 que considera que ha llegado el momento de dar un paso al costado. El futbolista se\u00f1al\u00f3 que ya entreg\u00f3 todo lo que ten\u00eda para ofrecer con el combinado nacional [&hellip;]<\/p>\n","protected":false},"author":1,"featured_media":6948,"comment_status":"open","ping_status":"open","sticky":false,"template":"","format":"standard","meta":{"footnotes":""},"categories":[6,4],"tags":[],"class_list":["post-6947","post","type-post","status-publish","format-standard","has-post-thumbnail","hentry","category-conoce","category-noticias"],"_links":{"self":[{"href":"https:\/\/trabucoradio.com\/home\/index.php?rest_route=\/wp\/v2\/posts\/6947","targetHints":{"allow":["GET"]}}],"collection":[{"href":"https:\/\/trabucoradio.com\/home\/index.php?rest_route=\/wp\/v2\/posts"}],"about":[{"href":"https:\/\/trabucoradio.com\/home\/index.php?rest_route=\/wp\/v2\/types\/post"}],"author":[{"embeddable":true,"href":"https:\/\/trabucoradio.com\/home\/index.php?rest_route=\/wp\/v2\/users\/1"}],"replies":[{"embeddable":true,"href":"https:\/\/trabucoradio.com\/home\/index.php?rest_route=%2Fwp%2Fv2%2Fcomments&post=6947"}],"version-history":[{"count":1,"href":"https:\/\/trabucoradio.com\/home\/index.php?rest_route=\/wp\/v2\/posts\/6947\/revisions"}],"predecessor-version":[{"id":6949,"href":"https:\/\/trabucoradio.com\/home\/index.php?rest_route=\/wp\/v2\/posts\/6947\/revisions\/6949"}],"wp:featuredmedia":[{"embeddable":true,"href":"https:\/\/trabucoradio.com\/home\/index.php?rest_route=\/wp\/v2\/media\/6948"}],"wp:attachment":[{"href":"https:\/\/trabucoradio.com\/home\/index.php?rest_route=%2Fwp%2Fv2%2Fmedia&parent=6947"}],"wp:term":[{"taxonomy":"category","embeddable":true,"href":"https:\/\/trabucoradio.com\/home\/index.php?rest_route=%2Fwp%2Fv2%2Fcategories&post=6947"},{"taxonomy":"post_tag","embeddable":true,"href":"https:\/\/trabucoradio.com\/home\/index.php?rest_route=%2Fwp%2Fv2%2Ftags&post=6947"}],"curies":[{"name":"wp","href":"https:\/\/api.w.org\/{rel}","templated":true}]}}