{"id":6944,"date":"2026-08-31T09:27:55","date_gmt":"2026-08-31T15:27:55","guid":{"rendered":"https:\/\/trabucoradio.com\/home\/?p=6944"},"modified":"2026-08-31T09:27:55","modified_gmt":"2026-08-31T15:27:55","slug":"may-rodriguez-da-inicio-al-nuevo-ciclo-escolar-en-tabasco","status":"publish","type":"post","link":"https:\/\/trabucoradio.com\/home\/?p=6944","title":{"rendered":"MAY RODR\u00cdGUEZ DA INICIO AL NUEVO CICLO ESCOLAR EN TABASCO"},"content":{"rendered":"<p><strong>MAY RODR\u00cdGUEZ DA INICIO AL NUEVO CICLO ESCOLAR EN TABASCO<\/strong><\/p>\n<p>Con un llamado a fortalecer la educaci\u00f3n, el gobernador Javier May Rodr\u00edguez encabez\u00f3 este lunes el arranque del ciclo escolar 2026-2027 en el Plantel 28 matutino del Colegio de Bachilleres de Tabasco (COBATAB). En el acto, dio la bienvenida a la comunidad estudiantil, docente y administrativa, adem\u00e1s de reconocer el trabajo realizado para garantizar el inicio de las actividades escolares en condiciones adecuadas.<\/p>\n<p>El mandatario estatal estuvo acompa\u00f1ado por Uladimir Valdez Pereznu\u00f1ez, director general del Colegio de Bachilleres a nivel nacional; Fernando Yris Hern\u00e1ndez, director general del COBATAB, y Patricia Iparrea S\u00e1nchez, directora del Plantel 28. Ante ellos, refrend\u00f3 el compromiso de su administraci\u00f3n con el sector educativo y destac\u00f3 la importancia de garantizar este derecho para el desarrollo de la sociedad.<\/p>\n<p>Como parte de la jornada se entregaron libros de texto gratuitos para el nuevo ciclo escolar. May Rodr\u00edguez se\u00f1al\u00f3 que su gobierno mantendr\u00e1 la coordinaci\u00f3n con la Secretar\u00eda de Educaci\u00f3n para contribuir a mejorar las condiciones de los planteles y brindar respaldo a quienes integran la comunidad educativa.<\/p>\n<p>Durante su intervenci\u00f3n, tambi\u00e9n resalt\u00f3 el papel de las maestras y los maestros en la formaci\u00f3n de los estudiantes y reconoci\u00f3 su labor como parte fundamental del proceso educativo.<\/p>\n","protected":false},"excerpt":{"rendered":"<p>MAY RODR\u00cdGUEZ DA INICIO AL NUEVO CICLO ESCOLAR EN TABASCO Con un llamado a fortalecer la educaci\u00f3n, el gobernador Javier May Rodr\u00edguez encabez\u00f3 este lunes el arranque del ciclo escolar 2026-2027 en el Plantel 28 matutino del Colegio de Bachilleres de Tabasco (COBATAB). En el acto, dio la bienvenida a la comunidad estudiantil, docente y [&hellip;]<\/p>\n","protected":false},"author":1,"featured_media":6945,"comment_status":"open","ping_status":"open","sticky":false,"template":"","format":"standard","meta":{"footnotes":""},"categories":[4],"tags":[],"class_list":["post-6944","post","type-post","status-publish","format-standard","has-post-thumbnail","hentry","category-noticias"],"_links":{"self":[{"href":"https:\/\/trabucoradio.com\/home\/index.php?rest_route=\/wp\/v2\/posts\/6944","targetHints":{"allow":["GET"]}}],"collection":[{"href":"https:\/\/trabucoradio.com\/home\/index.php?rest_route=\/wp\/v2\/posts"}],"about":[{"href":"https:\/\/trabucoradio.com\/home\/index.php?rest_route=\/wp\/v2\/types\/post"}],"author":[{"embeddable":true,"href":"https:\/\/trabucoradio.com\/home\/index.php?rest_route=\/wp\/v2\/users\/1"}],"replies":[{"embeddable":true,"href":"https:\/\/trabucoradio.com\/home\/index.php?rest_route=%2Fwp%2Fv2%2Fcomments&post=6944"}],"version-history":[{"count":1,"href":"https:\/\/trabucoradio.com\/home\/index.php?rest_route=\/wp\/v2\/posts\/6944\/revisions"}],"predecessor-version":[{"id":6946,"href":"https:\/\/trabucoradio.com\/home\/index.php?rest_route=\/wp\/v2\/posts\/6944\/revisions\/6946"}],"wp:featuredmedia":[{"embeddable":true,"href":"https:\/\/trabucoradio.com\/home\/index.php?rest_route=\/wp\/v2\/media\/6945"}],"wp:attachment":[{"href":"https:\/\/trabucoradio.com\/home\/index.php?rest_route=%2Fwp%2Fv2%2Fmedia&parent=6944"}],"wp:term":[{"taxonomy":"category","embeddable":true,"href":"https:\/\/trabucoradio.com\/home\/index.php?rest_route=%2Fwp%2Fv2%2Fcategories&post=6944"},{"taxonomy":"post_tag","embeddable":true,"href":"https:\/\/trabucoradio.com\/home\/index.php?rest_route=%2Fwp%2Fv2%2Ftags&post=6944"}],"curies":[{"name":"wp","href":"https:\/\/api.w.org\/{rel}","templated":true}]}}