{"id":6379,"date":"2026-04-29T11:16:14","date_gmt":"2026-04-29T17:16:14","guid":{"rendered":"https:\/\/trabucoradio.com\/home\/?p=6379"},"modified":"2026-04-29T11:16:14","modified_gmt":"2026-04-29T17:16:14","slug":"inauguran-rehabilitacion-del-parque-central-de-villa-chichicapa-comalcalco","status":"publish","type":"post","link":"https:\/\/trabucoradio.com\/home\/?p=6379","title":{"rendered":"INAUGURAN REHABILITACI\u00d3N DEL PARQUE CENTRAL DE VILLA CHICHICAPA, COMALCALCO"},"content":{"rendered":"<p><strong>INAUGURAN REHABILITACI\u00d3N DEL PARQUE CENTRAL DE VILLA CHICHICAPA, COMALCALCO<\/strong><\/p>\n<p>El alcalde de Comalcalco, Ovidio Peralta Su\u00e1rez, encabez\u00f3 la inauguraci\u00f3n de la rehabilitaci\u00f3n del Parque Central de Villa Chichicapa, un espacio destinado a la convivencia de familias, ni\u00f1as, ni\u00f1os y j\u00f3venes, que vuelve a consolidarse como punto de encuentro comunitario.<\/p>\n<p>La obra fue realizada con una inversi\u00f3n superior a los 3 millones de pesos y, de acuerdo con lo informado, responde a las necesidades de la poblaci\u00f3n, cumpliendo compromisos previamente establecidos. Se destac\u00f3 que este tipo de acciones reflejan el cuidado de los recursos p\u00fablicos y el cumplimiento de la palabra empe\u00f1ada.<\/p>\n<p>Con esta renovaci\u00f3n, se busca fortalecer la convivencia social, la recreaci\u00f3n y la integraci\u00f3n familiar, ofreciendo un espacio digno y funcional para la comunidad. Autoridades se\u00f1alaron que este proyecto representa un beneficio duradero para los habitantes de Villa Chichicapa.<\/p>\n","protected":false},"excerpt":{"rendered":"<p>INAUGURAN REHABILITACI\u00d3N DEL PARQUE CENTRAL DE VILLA CHICHICAPA, COMALCALCO El alcalde de Comalcalco, Ovidio Peralta Su\u00e1rez, encabez\u00f3 la inauguraci\u00f3n de la rehabilitaci\u00f3n del Parque Central de Villa Chichicapa, un espacio destinado a la convivencia de familias, ni\u00f1as, ni\u00f1os y j\u00f3venes, que vuelve a consolidarse como punto de encuentro comunitario. La obra fue realizada con una [&hellip;]<\/p>\n","protected":false},"author":1,"featured_media":6380,"comment_status":"open","ping_status":"open","sticky":false,"template":"","format":"standard","meta":{"footnotes":""},"categories":[4],"tags":[],"class_list":["post-6379","post","type-post","status-publish","format-standard","has-post-thumbnail","hentry","category-noticias"],"_links":{"self":[{"href":"https:\/\/trabucoradio.com\/home\/index.php?rest_route=\/wp\/v2\/posts\/6379","targetHints":{"allow":["GET"]}}],"collection":[{"href":"https:\/\/trabucoradio.com\/home\/index.php?rest_route=\/wp\/v2\/posts"}],"about":[{"href":"https:\/\/trabucoradio.com\/home\/index.php?rest_route=\/wp\/v2\/types\/post"}],"author":[{"embeddable":true,"href":"https:\/\/trabucoradio.com\/home\/index.php?rest_route=\/wp\/v2\/users\/1"}],"replies":[{"embeddable":true,"href":"https:\/\/trabucoradio.com\/home\/index.php?rest_route=%2Fwp%2Fv2%2Fcomments&post=6379"}],"version-history":[{"count":1,"href":"https:\/\/trabucoradio.com\/home\/index.php?rest_route=\/wp\/v2\/posts\/6379\/revisions"}],"predecessor-version":[{"id":6381,"href":"https:\/\/trabucoradio.com\/home\/index.php?rest_route=\/wp\/v2\/posts\/6379\/revisions\/6381"}],"wp:featuredmedia":[{"embeddable":true,"href":"https:\/\/trabucoradio.com\/home\/index.php?rest_route=\/wp\/v2\/media\/6380"}],"wp:attachment":[{"href":"https:\/\/trabucoradio.com\/home\/index.php?rest_route=%2Fwp%2Fv2%2Fmedia&parent=6379"}],"wp:term":[{"taxonomy":"category","embeddable":true,"href":"https:\/\/trabucoradio.com\/home\/index.php?rest_route=%2Fwp%2Fv2%2Fcategories&post=6379"},{"taxonomy":"post_tag","embeddable":true,"href":"https:\/\/trabucoradio.com\/home\/index.php?rest_route=%2Fwp%2Fv2%2Ftags&post=6379"}],"curies":[{"name":"wp","href":"https:\/\/api.w.org\/{rel}","templated":true}]}}