{"id":6373,"date":"2026-04-29T11:09:02","date_gmt":"2026-04-29T17:09:02","guid":{"rendered":"https:\/\/trabucoradio.com\/home\/?p=6373"},"modified":"2026-04-29T11:09:02","modified_gmt":"2026-04-29T17:09:02","slug":"ignacio-mier-acusa-a-maru-campos-de-desacato-politico-por-no-acudir-al-senado","status":"publish","type":"post","link":"https:\/\/trabucoradio.com\/home\/?p=6373","title":{"rendered":"IGNACIO MIER ACUSA A MARU CAMPOS DE &#8216;DESACATO POL\u00cdTICO&#8217; POR NO ACUDIR AL SENADO"},"content":{"rendered":"<p><strong>IGNACIO MIER ACUSA A MARU CAMPOS DE &#8216;DESACATO POL\u00cdTICO&#8217; POR NO ACUDIR AL SENADO<\/strong><\/p>\n<p>El coordinador de Morena en el Senado, Ignacio Mier Velazco, calific\u00f3 como un &#8216;desacato pol\u00edtico&#8217; la decisi\u00f3n de la gobernadora de Chihuahua, Maru Campos, de no acudir a la invitaci\u00f3n de la Senado de la Rep\u00fablica para explicar un operativo en el que participaron agentes estadounidenses en la entidad.<\/p>\n<p>El legislador subray\u00f3 que la ausencia de la mandataria estatal representa una falta en el \u00e1mbito pol\u00edtico, aunque aclar\u00f3 que no implica consecuencias jur\u00eddicas.<\/p>\n<p>Mier Velazco explic\u00f3 que la convocatoria del Senado se enmarca en las facultades de control legislativo, particularmente en temas de seguridad y relaciones exteriores, donde la C\u00e1mara Alta tiene atribuciones espec\u00edficas. En ese sentido, sostuvo que la actuaci\u00f3n del Gobierno de Chihuahua pudo haber vulnerado el marco constitucional.<\/p>\n","protected":false},"excerpt":{"rendered":"<p>IGNACIO MIER ACUSA A MARU CAMPOS DE &#8216;DESACATO POL\u00cdTICO&#8217; POR NO ACUDIR AL SENADO El coordinador de Morena en el Senado, Ignacio Mier Velazco, calific\u00f3 como un &#8216;desacato pol\u00edtico&#8217; la decisi\u00f3n de la gobernadora de Chihuahua, Maru Campos, de no acudir a la invitaci\u00f3n de la Senado de la Rep\u00fablica para explicar un operativo en [&hellip;]<\/p>\n","protected":false},"author":1,"featured_media":6374,"comment_status":"open","ping_status":"open","sticky":false,"template":"","format":"standard","meta":{"footnotes":""},"categories":[3],"tags":[],"class_list":["post-6373","post","type-post","status-publish","format-standard","has-post-thumbnail","hentry","category-politica"],"_links":{"self":[{"href":"https:\/\/trabucoradio.com\/home\/index.php?rest_route=\/wp\/v2\/posts\/6373","targetHints":{"allow":["GET"]}}],"collection":[{"href":"https:\/\/trabucoradio.com\/home\/index.php?rest_route=\/wp\/v2\/posts"}],"about":[{"href":"https:\/\/trabucoradio.com\/home\/index.php?rest_route=\/wp\/v2\/types\/post"}],"author":[{"embeddable":true,"href":"https:\/\/trabucoradio.com\/home\/index.php?rest_route=\/wp\/v2\/users\/1"}],"replies":[{"embeddable":true,"href":"https:\/\/trabucoradio.com\/home\/index.php?rest_route=%2Fwp%2Fv2%2Fcomments&post=6373"}],"version-history":[{"count":1,"href":"https:\/\/trabucoradio.com\/home\/index.php?rest_route=\/wp\/v2\/posts\/6373\/revisions"}],"predecessor-version":[{"id":6375,"href":"https:\/\/trabucoradio.com\/home\/index.php?rest_route=\/wp\/v2\/posts\/6373\/revisions\/6375"}],"wp:featuredmedia":[{"embeddable":true,"href":"https:\/\/trabucoradio.com\/home\/index.php?rest_route=\/wp\/v2\/media\/6374"}],"wp:attachment":[{"href":"https:\/\/trabucoradio.com\/home\/index.php?rest_route=%2Fwp%2Fv2%2Fmedia&parent=6373"}],"wp:term":[{"taxonomy":"category","embeddable":true,"href":"https:\/\/trabucoradio.com\/home\/index.php?rest_route=%2Fwp%2Fv2%2Fcategories&post=6373"},{"taxonomy":"post_tag","embeddable":true,"href":"https:\/\/trabucoradio.com\/home\/index.php?rest_route=%2Fwp%2Fv2%2Ftags&post=6373"}],"curies":[{"name":"wp","href":"https:\/\/api.w.org\/{rel}","templated":true}]}}