{"id":6366,"date":"2026-04-27T16:02:54","date_gmt":"2026-04-27T22:02:54","guid":{"rendered":"https:\/\/trabucoradio.com\/home\/?p=6366"},"modified":"2026-04-27T16:02:54","modified_gmt":"2026-04-27T22:02:54","slug":"jalpa-de-mendez-obtiene-el-primer-lugar-del-desfile-de-carros-alegoricos-2026","status":"publish","type":"post","link":"https:\/\/trabucoradio.com\/home\/?p=6366","title":{"rendered":"JALPA DE M\u00c9NDEZ OBTIENE EL PRIMER LUGAR DEL DESFILE DE CARROS ALEG\u00d3RICOS 2026"},"content":{"rendered":"<p><strong>JALPA DE M\u00c9NDEZ OBTIENE EL PRIMER LUGAR DEL DESFILE DE CARROS ALEG\u00d3RICOS 2026<\/strong><\/p>\n<p>Con un despliegue de\u00a0<b class=\"bold\">color, tradici\u00f3n y orgullo tabasque\u00f1o<\/b>, el\u00a0<b class=\"bold\">Desfile de Carros Aleg\u00f3ricos 2026<\/b>\u00a0concluy\u00f3 con la premiaci\u00f3n a los municipios ganadores, donde\u00a0<b class=\"bold\">Jalpa de M\u00e9ndez<\/b>\u00a0obtuvo el\u00a0<b class=\"bold\">primer lugar<\/b>, seguido de\u00a0<b class=\"bold\">Centla<\/b>\u00a0en segundo y\u00a0<b class=\"bold\">C\u00e1rdenas<\/b>\u00a0en tercero.<\/p>\n<p>El reconocimiento, que contempla premios econ\u00f3micos de\u00a0<b class=\"bold\">200 mil, 100 mil y 50 mil pesos<\/b>, respectivamente, destac\u00f3 el trabajo de\u00a0<b class=\"bold\">artesanos y embajadoras<\/b>, quienes durante semanas prepararon cada detalle de sus propuestas.<\/p>\n<p class=\"Typography-module-scss-module__vrMMka__text-default Typography-module-scss-module__vrMMka__weight-normal Typography-module-scss-module__vrMMka__text-default Typography-module-scss-module__vrMMka__weight-normal\">El desfile arranc\u00f3 a las\u00a0<b class=\"bold\">17:00 horas<\/b>, recorriendo el\u00a0<b class=\"bold\">malec\u00f3n Carlos A. Madrazo<\/b>\u00a0y la\u00a0<b class=\"bold\">avenida Gregorio M\u00e9ndez<\/b>, donde miles de familias ya se encontraban desde horas antes disfrutando del ambiente festivo.<\/p>\n<p class=\"Typography-module-scss-module__vrMMka__text-default Typography-module-scss-module__vrMMka__weight-normal Typography-module-scss-module__vrMMka__text-default Typography-module-scss-module__vrMMka__weight-normal\">Durante todo el recorrido, el p\u00fablico vivi\u00f3 una jornada llena de m\u00fasica, aplausos y entusiasmo, en un ambiente completamente familiar, donde ni\u00f1as, ni\u00f1os y adultos se dieron cita para presenciar uno de los eventos m\u00e1s importantes de la\u00a0<b class=\"bold\">Preferia Tabasco 2026<\/b>.<\/p>\n","protected":false},"excerpt":{"rendered":"<p>JALPA DE M\u00c9NDEZ OBTIENE EL PRIMER LUGAR DEL DESFILE DE CARROS ALEG\u00d3RICOS 2026 Con un despliegue de\u00a0color, tradici\u00f3n y orgullo tabasque\u00f1o, el\u00a0Desfile de Carros Aleg\u00f3ricos 2026\u00a0concluy\u00f3 con la premiaci\u00f3n a los municipios ganadores, donde\u00a0Jalpa de M\u00e9ndez\u00a0obtuvo el\u00a0primer lugar, seguido de\u00a0Centla\u00a0en segundo y\u00a0C\u00e1rdenas\u00a0en tercero. El reconocimiento, que contempla premios econ\u00f3micos de\u00a0200 mil, 100 mil y 50 [&hellip;]<\/p>\n","protected":false},"author":1,"featured_media":6367,"comment_status":"open","ping_status":"open","sticky":false,"template":"","format":"standard","meta":{"footnotes":""},"categories":[4],"tags":[],"class_list":["post-6366","post","type-post","status-publish","format-standard","has-post-thumbnail","hentry","category-noticias"],"_links":{"self":[{"href":"https:\/\/trabucoradio.com\/home\/index.php?rest_route=\/wp\/v2\/posts\/6366","targetHints":{"allow":["GET"]}}],"collection":[{"href":"https:\/\/trabucoradio.com\/home\/index.php?rest_route=\/wp\/v2\/posts"}],"about":[{"href":"https:\/\/trabucoradio.com\/home\/index.php?rest_route=\/wp\/v2\/types\/post"}],"author":[{"embeddable":true,"href":"https:\/\/trabucoradio.com\/home\/index.php?rest_route=\/wp\/v2\/users\/1"}],"replies":[{"embeddable":true,"href":"https:\/\/trabucoradio.com\/home\/index.php?rest_route=%2Fwp%2Fv2%2Fcomments&post=6366"}],"version-history":[{"count":1,"href":"https:\/\/trabucoradio.com\/home\/index.php?rest_route=\/wp\/v2\/posts\/6366\/revisions"}],"predecessor-version":[{"id":6368,"href":"https:\/\/trabucoradio.com\/home\/index.php?rest_route=\/wp\/v2\/posts\/6366\/revisions\/6368"}],"wp:featuredmedia":[{"embeddable":true,"href":"https:\/\/trabucoradio.com\/home\/index.php?rest_route=\/wp\/v2\/media\/6367"}],"wp:attachment":[{"href":"https:\/\/trabucoradio.com\/home\/index.php?rest_route=%2Fwp%2Fv2%2Fmedia&parent=6366"}],"wp:term":[{"taxonomy":"category","embeddable":true,"href":"https:\/\/trabucoradio.com\/home\/index.php?rest_route=%2Fwp%2Fv2%2Fcategories&post=6366"},{"taxonomy":"post_tag","embeddable":true,"href":"https:\/\/trabucoradio.com\/home\/index.php?rest_route=%2Fwp%2Fv2%2Ftags&post=6366"}],"curies":[{"name":"wp","href":"https:\/\/api.w.org\/{rel}","templated":true}]}}