{"id":6357,"date":"2026-04-27T09:45:46","date_gmt":"2026-04-27T15:45:46","guid":{"rendered":"https:\/\/trabucoradio.com\/home\/?p=6357"},"modified":"2026-04-27T09:45:46","modified_gmt":"2026-04-27T15:45:46","slug":"hallan-sin-vida-a-ultimo-minero-atrapado-en-mina-santa-fe-en-sinaloa","status":"publish","type":"post","link":"https:\/\/trabucoradio.com\/home\/?p=6357","title":{"rendered":"HALLAN SIN VIDA A \u00daLTIMO MINERO ATRAPADO EN MINA SANTA FE, EN SINALOA"},"content":{"rendered":"<p><strong>HALLAN SIN VIDA A \u00daLTIMO MINERO ATRAPADO EN MINA SANTA FE, EN SINALOA<\/strong><\/p>\n<p data-start=\"897\" data-end=\"1128\">Despu\u00e9s de m\u00e1s de un mes de labores ininterrumpidas, autoridades localizaron sin vida a\u00a0<strong data-start=\"985\" data-end=\"1020\">Leandro Isidro Beltr\u00e1n Res\u00e9ndiz<\/strong>, el \u00faltimo trabajador que permanec\u00eda atrapado tras el derrumbe en la mina Santa Fe, en El Rosario, Sinaloa.<\/p>\n<p data-start=\"1130\" data-end=\"1314\">El hallazgo ocurri\u00f3 durante la madrugada del\u00a0<strong data-start=\"1175\" data-end=\"1190\">27 de abril<\/strong>, a\u00a0<strong data-start=\"1194\" data-end=\"1219\">33 d\u00edas del accidente<\/strong>, inform\u00f3 la Coordinaci\u00f3n Nacional de Protecci\u00f3n Civil.<\/p>\n<p data-start=\"1130\" data-end=\"1314\">Con la localizaci\u00f3n del cuerpo, concluyen las labores de b\u00fasqueda de los cuatro mineros que quedaron atrapados el pasado\u00a0<strong data-start=\"1483\" data-end=\"1498\">25 de marzo<\/strong>, cuando colaps\u00f3 una presa de jales que inund\u00f3 los t\u00faneles con lodo y agua.<\/p>\n","protected":false},"excerpt":{"rendered":"<p>HALLAN SIN VIDA A \u00daLTIMO MINERO ATRAPADO EN MINA SANTA FE, EN SINALOA Despu\u00e9s de m\u00e1s de un mes de labores ininterrumpidas, autoridades localizaron sin vida a\u00a0Leandro Isidro Beltr\u00e1n Res\u00e9ndiz, el \u00faltimo trabajador que permanec\u00eda atrapado tras el derrumbe en la mina Santa Fe, en El Rosario, Sinaloa. El hallazgo ocurri\u00f3 durante la madrugada del\u00a027 [&hellip;]<\/p>\n","protected":false},"author":1,"featured_media":6358,"comment_status":"open","ping_status":"open","sticky":false,"template":"","format":"standard","meta":{"footnotes":""},"categories":[4],"tags":[],"class_list":["post-6357","post","type-post","status-publish","format-standard","has-post-thumbnail","hentry","category-noticias"],"_links":{"self":[{"href":"https:\/\/trabucoradio.com\/home\/index.php?rest_route=\/wp\/v2\/posts\/6357","targetHints":{"allow":["GET"]}}],"collection":[{"href":"https:\/\/trabucoradio.com\/home\/index.php?rest_route=\/wp\/v2\/posts"}],"about":[{"href":"https:\/\/trabucoradio.com\/home\/index.php?rest_route=\/wp\/v2\/types\/post"}],"author":[{"embeddable":true,"href":"https:\/\/trabucoradio.com\/home\/index.php?rest_route=\/wp\/v2\/users\/1"}],"replies":[{"embeddable":true,"href":"https:\/\/trabucoradio.com\/home\/index.php?rest_route=%2Fwp%2Fv2%2Fcomments&post=6357"}],"version-history":[{"count":1,"href":"https:\/\/trabucoradio.com\/home\/index.php?rest_route=\/wp\/v2\/posts\/6357\/revisions"}],"predecessor-version":[{"id":6359,"href":"https:\/\/trabucoradio.com\/home\/index.php?rest_route=\/wp\/v2\/posts\/6357\/revisions\/6359"}],"wp:featuredmedia":[{"embeddable":true,"href":"https:\/\/trabucoradio.com\/home\/index.php?rest_route=\/wp\/v2\/media\/6358"}],"wp:attachment":[{"href":"https:\/\/trabucoradio.com\/home\/index.php?rest_route=%2Fwp%2Fv2%2Fmedia&parent=6357"}],"wp:term":[{"taxonomy":"category","embeddable":true,"href":"https:\/\/trabucoradio.com\/home\/index.php?rest_route=%2Fwp%2Fv2%2Fcategories&post=6357"},{"taxonomy":"post_tag","embeddable":true,"href":"https:\/\/trabucoradio.com\/home\/index.php?rest_route=%2Fwp%2Fv2%2Ftags&post=6357"}],"curies":[{"name":"wp","href":"https:\/\/api.w.org\/{rel}","templated":true}]}}