{"id":6189,"date":"2026-03-12T11:02:38","date_gmt":"2026-03-12T17:02:38","guid":{"rendered":"https:\/\/trabucoradio.com\/home\/?p=6189"},"modified":"2026-03-12T11:03:08","modified_gmt":"2026-03-12T17:03:08","slug":"trump-lanza-advertencia-a-iran-de-no-acudir-al-mundial-por-su-propia-seguridad","status":"publish","type":"post","link":"https:\/\/trabucoradio.com\/home\/?p=6189","title":{"rendered":"TRUMP LANZA ADVERTENCIA A IR\u00c1N DE NO ACUDIR AL MUNDIAL \u00abPOR SU PROPIA SEGURIDAD\u00bb"},"content":{"rendered":"<p><strong>TRUMP LANZA ADVERTENCIA A IR\u00c1N DE NO ACUDIR AL MUNDIAL \u00abPOR SU PROPIA SEGURIDAD\u00bb<\/strong><\/p>\n<p>El presidente estadounidense, Doanld Trump, asegur\u00f3 este jueves que la selecci\u00f3n de f\u00fatbol de Ir\u00e1n es \u00abbienvenida\u00bb en el Mundial en Estados Unidos, pero le recomend\u00f3 no participar por \u00absu propia seguridad\u00bb.<\/p>\n<p>\u00abLa selecci\u00f3n nacional de f\u00fatbol de Ir\u00e1n es bienvenida al Mundial, pero\u00a0<strong>realmente no creo que sea apropiado que est\u00e9n all\u00ed, por su propia seguridad<\/strong>\u00ab, escribi\u00f3 en la red Truth Social.<\/p>\n<p>El mensaje del l\u00edder estadounidense se produce un d\u00eda despu\u00e9s de que el ministro de Deportes iran\u00ed, Ahman Donyamali, asegurara que \u00abno hay condiciones\u00bb para que su pa\u00eds participe en el Mundial despu\u00e9s de que el l\u00edder supremo, Al\u00ed Jamene\u00ed, fuera asesinado en la ofensiva israel\u00ed y estadounidense iniciada el pasado 28 de febrero.<\/p>\n<p>\u00abDespu\u00e9s de que el gobierno corrupto mat\u00f3 a nuestro l\u00edder,\u00a0<strong>no hay condiciones que nos permitan participar en el Mundial\u00bb<\/strong>, dijo el ministro, que destac\u00f3 tambi\u00e9n: \u00abNos han impuesto dos guerras en ocho o nueve meses, y miles de nuestros ciudadanos han muerto. Por lo tanto, definitivamente no tenemos posibilidad de tal participaci\u00f3n\u201d.<\/p>\n<p>El martes, el presidente de la FIFA, Gianni Infantino, se reuni\u00f3 con Trump en la Casa Blanca, donde el l\u00edder estadounidense le traslad\u00f3 que el equipo iran\u00ed era \u00abbienvenido\u00bb en el Mundial.<\/p>\n<p>\u00abHablamos sobre la actual situaci\u00f3n en Ir\u00e1n, y el hecho de que el equipo iran\u00ed se haya clasificado para participar en la Copa del Mundo de la FIFA 2026. Durante la conversaci\u00f3n, el presidente Trump reiter\u00f3 que el equipo iran\u00ed es, por supuesto,<strong>\u00a0bienvenido a competir en el torneo en los Estados Unidos<\/strong>\u00ab, revel\u00f3 Infantino en Instagram.<\/p>\n","protected":false},"excerpt":{"rendered":"<p>TRUMP LANZA ADVERTENCIA A IR\u00c1N DE NO ACUDIR AL MUNDIAL \u00abPOR SU PROPIA SEGURIDAD\u00bb El presidente estadounidense, Doanld Trump, asegur\u00f3 este jueves que la selecci\u00f3n de f\u00fatbol de Ir\u00e1n es \u00abbienvenida\u00bb en el Mundial en Estados Unidos, pero le recomend\u00f3 no participar por \u00absu propia seguridad\u00bb. \u00abLa selecci\u00f3n nacional de f\u00fatbol de Ir\u00e1n es bienvenida [&hellip;]<\/p>\n","protected":false},"author":1,"featured_media":6190,"comment_status":"open","ping_status":"open","sticky":false,"template":"","format":"standard","meta":{"footnotes":""},"categories":[4,3],"tags":[],"class_list":["post-6189","post","type-post","status-publish","format-standard","has-post-thumbnail","hentry","category-noticias","category-politica"],"_links":{"self":[{"href":"https:\/\/trabucoradio.com\/home\/index.php?rest_route=\/wp\/v2\/posts\/6189","targetHints":{"allow":["GET"]}}],"collection":[{"href":"https:\/\/trabucoradio.com\/home\/index.php?rest_route=\/wp\/v2\/posts"}],"about":[{"href":"https:\/\/trabucoradio.com\/home\/index.php?rest_route=\/wp\/v2\/types\/post"}],"author":[{"embeddable":true,"href":"https:\/\/trabucoradio.com\/home\/index.php?rest_route=\/wp\/v2\/users\/1"}],"replies":[{"embeddable":true,"href":"https:\/\/trabucoradio.com\/home\/index.php?rest_route=%2Fwp%2Fv2%2Fcomments&post=6189"}],"version-history":[{"count":1,"href":"https:\/\/trabucoradio.com\/home\/index.php?rest_route=\/wp\/v2\/posts\/6189\/revisions"}],"predecessor-version":[{"id":6191,"href":"https:\/\/trabucoradio.com\/home\/index.php?rest_route=\/wp\/v2\/posts\/6189\/revisions\/6191"}],"wp:featuredmedia":[{"embeddable":true,"href":"https:\/\/trabucoradio.com\/home\/index.php?rest_route=\/wp\/v2\/media\/6190"}],"wp:attachment":[{"href":"https:\/\/trabucoradio.com\/home\/index.php?rest_route=%2Fwp%2Fv2%2Fmedia&parent=6189"}],"wp:term":[{"taxonomy":"category","embeddable":true,"href":"https:\/\/trabucoradio.com\/home\/index.php?rest_route=%2Fwp%2Fv2%2Fcategories&post=6189"},{"taxonomy":"post_tag","embeddable":true,"href":"https:\/\/trabucoradio.com\/home\/index.php?rest_route=%2Fwp%2Fv2%2Ftags&post=6189"}],"curies":[{"name":"wp","href":"https:\/\/api.w.org\/{rel}","templated":true}]}}