{"id":6186,"date":"2026-03-12T10:59:35","date_gmt":"2026-03-12T16:59:35","guid":{"rendered":"https:\/\/trabucoradio.com\/home\/?p=6186"},"modified":"2026-03-12T10:59:35","modified_gmt":"2026-03-12T16:59:35","slug":"pt-rechaza-quiebre-con-morena-por-la-reforma-electoral","status":"publish","type":"post","link":"https:\/\/trabucoradio.com\/home\/?p=6186","title":{"rendered":"PT RECHAZA QUIEBRE CON MORENA POR LA REFORMA ELECTORAL"},"content":{"rendered":"<p><strong>PT RECHAZA QUIEBRE CON MORENA POR LA REFORMA ELECTORAL<\/strong><\/p>\n<p><strong>Lilia Aguilar, diputada del Partido del Trabajo, rechaz\u00f3 que el voto en contra de su bancada sobre la reforma electoral sea una defensa de las posiciones plurinominales en el Congreso.\u00a0<\/strong><\/p>\n<p>Asimismo, sostuvo la legisladora que su partido mantuvo una postura firme para preservar la pluralidad en la representaci\u00f3n pol\u00edtica.\u00a0<strong>Y\u00a0asegur\u00f3 que el voto en contra no implic\u00f3 una ruptura dentro del bloque pol\u00edtico que ha acompa\u00f1ado al actual gobierno.\u00a0<\/strong><\/p>\n<p>Igualmente se\u00f1al\u00f3 que &#8216;la alianza no se rompe. Esta es una no coincidencia de un voto, pero la alianza sigue y la refrendamos para el 2027&#8217;.<\/p>\n<p>Y agreg\u00f3 que\u00a0<strong>&#8216;para nosotros el tema de respetar y velar por la pluralidad y que no por los plurinominales, es muy importante\u201d<\/strong>, afirm\u00f3, al explicar que la discusi\u00f3n se centr\u00f3 en c\u00f3mo se garantiza la representaci\u00f3n de la diversidad pol\u00edtica y social dentro del Poder Legislativo pues a\u00f1adi\u00f3 que en realidad, contrario al discurso que a veces se usa en contra de quienes no est\u00e1n de acuerdo con esta reforma, es que<strong>\u00a0\u201cera una defensa por los plurinominales, y eso en la realidad no es as\u00ed&#8217;.<\/strong><\/p>\n","protected":false},"excerpt":{"rendered":"<p>PT RECHAZA QUIEBRE CON MORENA POR LA REFORMA ELECTORAL Lilia Aguilar, diputada del Partido del Trabajo, rechaz\u00f3 que el voto en contra de su bancada sobre la reforma electoral sea una defensa de las posiciones plurinominales en el Congreso.\u00a0 Asimismo, sostuvo la legisladora que su partido mantuvo una postura firme para preservar la pluralidad en [&hellip;]<\/p>\n","protected":false},"author":1,"featured_media":6187,"comment_status":"open","ping_status":"open","sticky":false,"template":"","format":"standard","meta":{"footnotes":""},"categories":[3],"tags":[],"class_list":["post-6186","post","type-post","status-publish","format-standard","has-post-thumbnail","hentry","category-politica"],"_links":{"self":[{"href":"https:\/\/trabucoradio.com\/home\/index.php?rest_route=\/wp\/v2\/posts\/6186","targetHints":{"allow":["GET"]}}],"collection":[{"href":"https:\/\/trabucoradio.com\/home\/index.php?rest_route=\/wp\/v2\/posts"}],"about":[{"href":"https:\/\/trabucoradio.com\/home\/index.php?rest_route=\/wp\/v2\/types\/post"}],"author":[{"embeddable":true,"href":"https:\/\/trabucoradio.com\/home\/index.php?rest_route=\/wp\/v2\/users\/1"}],"replies":[{"embeddable":true,"href":"https:\/\/trabucoradio.com\/home\/index.php?rest_route=%2Fwp%2Fv2%2Fcomments&post=6186"}],"version-history":[{"count":1,"href":"https:\/\/trabucoradio.com\/home\/index.php?rest_route=\/wp\/v2\/posts\/6186\/revisions"}],"predecessor-version":[{"id":6188,"href":"https:\/\/trabucoradio.com\/home\/index.php?rest_route=\/wp\/v2\/posts\/6186\/revisions\/6188"}],"wp:featuredmedia":[{"embeddable":true,"href":"https:\/\/trabucoradio.com\/home\/index.php?rest_route=\/wp\/v2\/media\/6187"}],"wp:attachment":[{"href":"https:\/\/trabucoradio.com\/home\/index.php?rest_route=%2Fwp%2Fv2%2Fmedia&parent=6186"}],"wp:term":[{"taxonomy":"category","embeddable":true,"href":"https:\/\/trabucoradio.com\/home\/index.php?rest_route=%2Fwp%2Fv2%2Fcategories&post=6186"},{"taxonomy":"post_tag","embeddable":true,"href":"https:\/\/trabucoradio.com\/home\/index.php?rest_route=%2Fwp%2Fv2%2Ftags&post=6186"}],"curies":[{"name":"wp","href":"https:\/\/api.w.org\/{rel}","templated":true}]}}