{"id":6183,"date":"2026-03-12T10:57:01","date_gmt":"2026-03-12T16:57:01","guid":{"rendered":"https:\/\/trabucoradio.com\/home\/?p=6183"},"modified":"2026-03-12T10:57:01","modified_gmt":"2026-03-12T16:57:01","slug":"sheinbaum-descarta-riesgo-de-ataque-en-el-mundial-por-conflicto-en-medio-oriente","status":"publish","type":"post","link":"https:\/\/trabucoradio.com\/home\/?p=6183","title":{"rendered":"SHEINBAUM DESCARTA RIESGO DE ATAQUE EN EL MUNDIAL POR CONFLICTO EN MEDIO ORIENTE"},"content":{"rendered":"<p><strong>SHEINBAUM DESCARTA RIESGO DE ATAQUE EN EL MUNDIAL POR CONFLICTO EN MEDIO ORIENTE<\/strong><\/p>\n<p>La\u00a0<strong>presidenta de M\u00e9xico, Claudia Sheinbaum,<\/strong>\u00a0descart\u00f3 este jueves que exista alguna notificaci\u00f3n de\u00a0<strong>suspensi\u00f3n del Mundial\u00a0<\/strong>2026 y afirm\u00f3 que los preparativos contin\u00faan con normalidad, mientras el Gobierno mantiene un esquema de\u00a0<strong>seguridad\u00a0<\/strong>que contempla diversos escenarios, aunque se\u00f1al\u00f3 que existe riesgo \u00abmuy bajo\u00bb de\u00a0<strong>terrorismo\u00a0<\/strong>en el pa\u00eds.<\/p>\n<p>La presidenta asegur\u00f3 que las reuniones de organizaci\u00f3n y coordinaci\u00f3n siguen activas entre autoridades federales, locales y la\u00a0<strong>FIFA.\u00a0<\/strong>\u201cSigue marchando todo, siguen las reuniones, sigue todo normal sin ning\u00fan problema. Se\u00a0va a desarrollar el mundial\u201d, afirm\u00f3.<\/p>\n<p>M\u00e9xico ser\u00e1 una de las sedes del Mundial 2026, que se celebrar\u00e1 por primera vez en tres pa\u00edses y contar\u00e1 con varias ciudades anfitrionas, entre ellas\u00a0<strong>Ciudad de M\u00e9xico, Guadalajara y Monterrey<\/strong>. Como parte de las actividades relacionadas con el torneo, Sheinbaum adelant\u00f3 un evento p\u00fablico en el centro de la capital.<\/p>\n<p>Tambi\u00e9n explic\u00f3 que el Gobierno trabaja desde hace m\u00e1s de un a\u00f1o en la estrategia de seguridad para el evento, que incluye la evaluaci\u00f3n de distintos riesgos potenciales. \u201cNo consideramos ese riesgo (de\u00a0<strong>ataques terroristas<\/strong>\u00a0en M\u00e9xico)\u201d, se\u00f1al\u00f3 al ser consultada sobre la posibilidad de atentados relacionados con tensiones internacionales.<\/p>\n","protected":false},"excerpt":{"rendered":"<p>SHEINBAUM DESCARTA RIESGO DE ATAQUE EN EL MUNDIAL POR CONFLICTO EN MEDIO ORIENTE La\u00a0presidenta de M\u00e9xico, Claudia Sheinbaum,\u00a0descart\u00f3 este jueves que exista alguna notificaci\u00f3n de\u00a0suspensi\u00f3n del Mundial\u00a02026 y afirm\u00f3 que los preparativos contin\u00faan con normalidad, mientras el Gobierno mantiene un esquema de\u00a0seguridad\u00a0que contempla diversos escenarios, aunque se\u00f1al\u00f3 que existe riesgo \u00abmuy bajo\u00bb de\u00a0terrorismo\u00a0en el pa\u00eds. [&hellip;]<\/p>\n","protected":false},"author":1,"featured_media":6184,"comment_status":"open","ping_status":"open","sticky":false,"template":"","format":"standard","meta":{"footnotes":""},"categories":[4,3],"tags":[],"class_list":["post-6183","post","type-post","status-publish","format-standard","has-post-thumbnail","hentry","category-noticias","category-politica"],"_links":{"self":[{"href":"https:\/\/trabucoradio.com\/home\/index.php?rest_route=\/wp\/v2\/posts\/6183","targetHints":{"allow":["GET"]}}],"collection":[{"href":"https:\/\/trabucoradio.com\/home\/index.php?rest_route=\/wp\/v2\/posts"}],"about":[{"href":"https:\/\/trabucoradio.com\/home\/index.php?rest_route=\/wp\/v2\/types\/post"}],"author":[{"embeddable":true,"href":"https:\/\/trabucoradio.com\/home\/index.php?rest_route=\/wp\/v2\/users\/1"}],"replies":[{"embeddable":true,"href":"https:\/\/trabucoradio.com\/home\/index.php?rest_route=%2Fwp%2Fv2%2Fcomments&post=6183"}],"version-history":[{"count":1,"href":"https:\/\/trabucoradio.com\/home\/index.php?rest_route=\/wp\/v2\/posts\/6183\/revisions"}],"predecessor-version":[{"id":6185,"href":"https:\/\/trabucoradio.com\/home\/index.php?rest_route=\/wp\/v2\/posts\/6183\/revisions\/6185"}],"wp:featuredmedia":[{"embeddable":true,"href":"https:\/\/trabucoradio.com\/home\/index.php?rest_route=\/wp\/v2\/media\/6184"}],"wp:attachment":[{"href":"https:\/\/trabucoradio.com\/home\/index.php?rest_route=%2Fwp%2Fv2%2Fmedia&parent=6183"}],"wp:term":[{"taxonomy":"category","embeddable":true,"href":"https:\/\/trabucoradio.com\/home\/index.php?rest_route=%2Fwp%2Fv2%2Fcategories&post=6183"},{"taxonomy":"post_tag","embeddable":true,"href":"https:\/\/trabucoradio.com\/home\/index.php?rest_route=%2Fwp%2Fv2%2Ftags&post=6183"}],"curies":[{"name":"wp","href":"https:\/\/api.w.org\/{rel}","templated":true}]}}