{"id":6170,"date":"2026-03-07T11:24:56","date_gmt":"2026-03-07T17:24:56","guid":{"rendered":"https:\/\/trabucoradio.com\/home\/?p=6170"},"modified":"2026-03-07T11:24:56","modified_gmt":"2026-03-07T17:24:56","slug":"sheinbaum-afirma-en-jalisco-que-la-seguridad-es-prioridad-tras-muerte-de-el-mencho","status":"publish","type":"post","link":"https:\/\/trabucoradio.com\/home\/?p=6170","title":{"rendered":"SHEINBAUM AFIRMA EN JALISCO QUE LA SEGURIDAD ES PRIORIDAD TRAS MUERTE DE &#8216;EL MENCHO&#8217;"},"content":{"rendered":"<p><strong>SHEINBAUM AFIRMA EN JALISCO QUE LA SEGURIDAD ES PRIORIDAD TRAS MUERTE DE &#8216;EL MENCHO&#8217;<\/strong><\/p>\n<p><strong>La presidenta de M\u00e9xico, Claudia Sheinbaum, afirm\u00f3 este viernes en Jalisco que su Gobierno trabaja de manera coordinada con las autoridades estatales para garantizar la seguridad y la paz<\/strong>, 12 d\u00edas despu\u00e9s de la muerte del l\u00edder del C\u00e1rtel Jalisco Nueva Generaci\u00f3n, Nemesio Oseguera Cervantes, alias &#8216;El Mencho&#8217;, que provoc\u00f3 una ola de violencia en gran parte del pa\u00eds.<\/p>\n<p>Durante su visita a la ciudad de Guadalajara, Sheinbaum destac\u00f3 la coordinaci\u00f3n con el Gobierno estatal y asegur\u00f3 que la presencia de autoridades federales busca enviar un mensaje de respaldo a la poblaci\u00f3n.<\/p>\n<p>Esta urbe, la tercera m\u00e1s grande de M\u00e9xico y considerada cuna del c\u00e1rtel CJNG, ser\u00e1 sede de cuatro partidos del Mundial de F\u00fatbol en junio, lo que ha generado preocupaci\u00f3n sobre las garant\u00edas de seguridad en la regi\u00f3n.<\/p>\n<p><strong>\u00abEstamos aqu\u00ed no solo como hemos visitado distintos estados de la rep\u00fablica, sino para decirle a todas y todos en Jalisco, a todas las y los jaliscienses que estamos juntos, que estamos trabajando por la paz, por la seguridad y por el bienestar de los habitantes de este bell\u00edsimo estado\u00bb,\u00a0<\/strong>expres\u00f3.<\/p>\n<p>La gobernante mexicana explic\u00f3 que durante la jornada sostendr\u00eda reuniones con el gabinete de seguridad y empresarios locales, adem\u00e1s de participar en actividades relacionadas con proyectos educativos y de transporte.<\/p>\n<p><strong>\u00abEl d\u00eda de hoy estamos aqu\u00ed, vamos a despu\u00e9s de la conferencia tener una reuni\u00f3n con empresarios de Jalisco con el gabinete de seguridad y despu\u00e9s vamos a ir a la inauguraci\u00f3n del Centro de Bachillerato Tecnol\u00f3gico Agropecuario n\u00famero 331 en El Salto y vamos a ir a dar una vueltita al tren ligero que se inaugur\u00f3 hace poco\u00bb,<\/strong>\u00a0se\u00f1al\u00f3.<\/p>\n","protected":false},"excerpt":{"rendered":"<p>SHEINBAUM AFIRMA EN JALISCO QUE LA SEGURIDAD ES PRIORIDAD TRAS MUERTE DE &#8216;EL MENCHO&#8217; La presidenta de M\u00e9xico, Claudia Sheinbaum, afirm\u00f3 este viernes en Jalisco que su Gobierno trabaja de manera coordinada con las autoridades estatales para garantizar la seguridad y la paz, 12 d\u00edas despu\u00e9s de la muerte del l\u00edder del C\u00e1rtel Jalisco Nueva [&hellip;]<\/p>\n","protected":false},"author":1,"featured_media":6171,"comment_status":"open","ping_status":"open","sticky":false,"template":"","format":"standard","meta":{"footnotes":""},"categories":[4,3],"tags":[],"class_list":["post-6170","post","type-post","status-publish","format-standard","has-post-thumbnail","hentry","category-noticias","category-politica"],"_links":{"self":[{"href":"https:\/\/trabucoradio.com\/home\/index.php?rest_route=\/wp\/v2\/posts\/6170","targetHints":{"allow":["GET"]}}],"collection":[{"href":"https:\/\/trabucoradio.com\/home\/index.php?rest_route=\/wp\/v2\/posts"}],"about":[{"href":"https:\/\/trabucoradio.com\/home\/index.php?rest_route=\/wp\/v2\/types\/post"}],"author":[{"embeddable":true,"href":"https:\/\/trabucoradio.com\/home\/index.php?rest_route=\/wp\/v2\/users\/1"}],"replies":[{"embeddable":true,"href":"https:\/\/trabucoradio.com\/home\/index.php?rest_route=%2Fwp%2Fv2%2Fcomments&post=6170"}],"version-history":[{"count":1,"href":"https:\/\/trabucoradio.com\/home\/index.php?rest_route=\/wp\/v2\/posts\/6170\/revisions"}],"predecessor-version":[{"id":6172,"href":"https:\/\/trabucoradio.com\/home\/index.php?rest_route=\/wp\/v2\/posts\/6170\/revisions\/6172"}],"wp:featuredmedia":[{"embeddable":true,"href":"https:\/\/trabucoradio.com\/home\/index.php?rest_route=\/wp\/v2\/media\/6171"}],"wp:attachment":[{"href":"https:\/\/trabucoradio.com\/home\/index.php?rest_route=%2Fwp%2Fv2%2Fmedia&parent=6170"}],"wp:term":[{"taxonomy":"category","embeddable":true,"href":"https:\/\/trabucoradio.com\/home\/index.php?rest_route=%2Fwp%2Fv2%2Fcategories&post=6170"},{"taxonomy":"post_tag","embeddable":true,"href":"https:\/\/trabucoradio.com\/home\/index.php?rest_route=%2Fwp%2Fv2%2Ftags&post=6170"}],"curies":[{"name":"wp","href":"https:\/\/api.w.org\/{rel}","templated":true}]}}