{"id":6167,"date":"2026-03-07T11:22:31","date_gmt":"2026-03-07T17:22:31","guid":{"rendered":"https:\/\/trabucoradio.com\/home\/?p=6167"},"modified":"2026-03-07T11:22:31","modified_gmt":"2026-03-07T17:22:31","slug":"embajada-de-ee-uu-alerta-a-sus-ciudadanos-por-marcha-del-8m-en-cdmx","status":"publish","type":"post","link":"https:\/\/trabucoradio.com\/home\/?p=6167","title":{"rendered":"EMBAJADA DE EE.UU. ALERTA A SUS CIUDADANOS POR MARCHA DEL 8M EN CDMX"},"content":{"rendered":"<p><strong>EMBAJADA DE EE.UU. ALERTA A SUS CIUDADANOS POR MARCHA DEL 8M EN CDMX<\/strong><\/p>\n<p><strong>Alert\u00f3 la embajada de Estados Unidos\u00a0en\u00a0M\u00e9xico a la\u00a0ciudadan\u00eda estadounidense\u00a0en nuestro pa\u00eds por actos de\u00a0vandalismo\u00a0y\u00a0violencia\u00a0en la\u00a0marcha\u00a0de\u00a08 de marzo\u00a0con destino al\u00a0Z\u00f3calo\u00a0de la\u00a0Ciudad de M\u00e9xico<\/strong>\u00a0(CDMX), a causa del\u00a0D\u00eda Internacional de la Mujer.<\/p>\n<p>Asimismo previno a sus ciudadanos por una marcha prevista para este s\u00e1bado en la representaci\u00f3n diplom\u00e1tica de\u00a0Polanco, a las 11:00 horas, contra la acci\u00f3n militar estadounidense en\u00a0Ir\u00e1n.<\/p>\n<p><strong>Y explic\u00f3 que el domingo se esperan \u00abinterrupciones\u00bb en toda la Ciudad de M\u00e9xico y habr\u00e1 salidas de contingentes desde la\u00a0Glorieta de las Mujeres, del\u00a0Monumento a la Revoluci\u00f3n, de la\u00a0Glorieta de la Diana\u00a0y del\u00a0\u00c1ngel de la Independencia.<\/strong><\/p>\n<p>Tambi\u00e9n, recomend\u00f3 al personal de la embajada que evite las protestas activas y que tenga precauci\u00f3n con las grandes concentraciones o manifestaciones, monitorear los medios de comunicaci\u00f3n locales para obtener actualizaciones y seguir las instrucciones de las autoridades locales.\u00a0<strong>Y En caso de emergencia, la embajada de Estados Unidos pidi\u00f3 llamar al 911.<\/strong><\/p>\n","protected":false},"excerpt":{"rendered":"<p>EMBAJADA DE EE.UU. ALERTA A SUS CIUDADANOS POR MARCHA DEL 8M EN CDMX Alert\u00f3 la embajada de Estados Unidos\u00a0en\u00a0M\u00e9xico a la\u00a0ciudadan\u00eda estadounidense\u00a0en nuestro pa\u00eds por actos de\u00a0vandalismo\u00a0y\u00a0violencia\u00a0en la\u00a0marcha\u00a0de\u00a08 de marzo\u00a0con destino al\u00a0Z\u00f3calo\u00a0de la\u00a0Ciudad de M\u00e9xico\u00a0(CDMX), a causa del\u00a0D\u00eda Internacional de la Mujer. Asimismo previno a sus ciudadanos por una marcha prevista para este s\u00e1bado en [&hellip;]<\/p>\n","protected":false},"author":1,"featured_media":6168,"comment_status":"open","ping_status":"open","sticky":false,"template":"","format":"standard","meta":{"footnotes":""},"categories":[4],"tags":[],"class_list":["post-6167","post","type-post","status-publish","format-standard","has-post-thumbnail","hentry","category-noticias"],"_links":{"self":[{"href":"https:\/\/trabucoradio.com\/home\/index.php?rest_route=\/wp\/v2\/posts\/6167","targetHints":{"allow":["GET"]}}],"collection":[{"href":"https:\/\/trabucoradio.com\/home\/index.php?rest_route=\/wp\/v2\/posts"}],"about":[{"href":"https:\/\/trabucoradio.com\/home\/index.php?rest_route=\/wp\/v2\/types\/post"}],"author":[{"embeddable":true,"href":"https:\/\/trabucoradio.com\/home\/index.php?rest_route=\/wp\/v2\/users\/1"}],"replies":[{"embeddable":true,"href":"https:\/\/trabucoradio.com\/home\/index.php?rest_route=%2Fwp%2Fv2%2Fcomments&post=6167"}],"version-history":[{"count":1,"href":"https:\/\/trabucoradio.com\/home\/index.php?rest_route=\/wp\/v2\/posts\/6167\/revisions"}],"predecessor-version":[{"id":6169,"href":"https:\/\/trabucoradio.com\/home\/index.php?rest_route=\/wp\/v2\/posts\/6167\/revisions\/6169"}],"wp:featuredmedia":[{"embeddable":true,"href":"https:\/\/trabucoradio.com\/home\/index.php?rest_route=\/wp\/v2\/media\/6168"}],"wp:attachment":[{"href":"https:\/\/trabucoradio.com\/home\/index.php?rest_route=%2Fwp%2Fv2%2Fmedia&parent=6167"}],"wp:term":[{"taxonomy":"category","embeddable":true,"href":"https:\/\/trabucoradio.com\/home\/index.php?rest_route=%2Fwp%2Fv2%2Fcategories&post=6167"},{"taxonomy":"post_tag","embeddable":true,"href":"https:\/\/trabucoradio.com\/home\/index.php?rest_route=%2Fwp%2Fv2%2Ftags&post=6167"}],"curies":[{"name":"wp","href":"https:\/\/api.w.org\/{rel}","templated":true}]}}