{"id":6164,"date":"2026-03-07T10:46:14","date_gmt":"2026-03-07T16:46:14","guid":{"rendered":"https:\/\/trabucoradio.com\/home\/?p=6164"},"modified":"2026-03-07T10:46:14","modified_gmt":"2026-03-07T16:46:14","slug":"trump-dice-que-mexico-es-el-epicentro-de-la-violencia-de-los-carteles","status":"publish","type":"post","link":"https:\/\/trabucoradio.com\/home\/?p=6164","title":{"rendered":"TRUMP DICE QUE M\u00c9XICO ES &#8216;EL EPICENTRO DE LA VIOLENCIA&#8217; DE LOS CARTELES"},"content":{"rendered":"<p><strong>TRUMP DICE QUE M\u00c9XICO ES &#8216;EL EPICENTRO DE LA VIOLENCIA&#8217; DE LOS CARTELES<\/strong><\/p>\n<p>El presidente estadounidense, Donald Trump, afirm\u00f3 este s\u00e1bado en su cumbre con l\u00edderes latinoamericanos\u00a0<strong>&#8216;Escudo de las Am\u00e9ricas&#8217; que \u00abM\u00e9xico es el epicentro de la violencia de los carteles<\/strong>\u00ab, aunque afirm\u00f3 que la mandataria mexicana, Claudia Sheinbaum, es una \u00abmuy buena persona\u00bb con una \u00abvoz hermosa\u00bb.<\/p>\n<p><strong>\u00abComo parte de nuestro compromiso para contrarrestar la presencia de los carteles en la regi\u00f3n, debemos reconocer que el epicentro de la violencia de los carteles es M\u00e9xico\u00bb,\u00a0<\/strong>declar\u00f3 Trump al inaugurar su reuni\u00f3n con m\u00e1s de una decena de mandatarios latinoamericanos, pero a la que no invit\u00f3 a Sheinbaum.<\/p>\n<p>El l\u00edder republicano, quien antes amenaz\u00f3 con bombardear a narcotraficantes en M\u00e9xico, insisti\u00f3 en Miami en que los \u00ab<strong>carteles mexicanos est\u00e1n impulsando y orquestando mucha del derrame de sangre y caos en el hemisferio\u00bb.<\/strong><\/p>\n<p>Por ello, avis\u00f3 que el \u00abGobierno de Estados Unidos har\u00e1 lo que sea necesario para defender la seguridad nacional y proteger la seguridad del pueblo estadounidense\u00bb.<\/p>\n","protected":false},"excerpt":{"rendered":"<p>TRUMP DICE QUE M\u00c9XICO ES &#8216;EL EPICENTRO DE LA VIOLENCIA&#8217; DE LOS CARTELES El presidente estadounidense, Donald Trump, afirm\u00f3 este s\u00e1bado en su cumbre con l\u00edderes latinoamericanos\u00a0&#8216;Escudo de las Am\u00e9ricas&#8217; que \u00abM\u00e9xico es el epicentro de la violencia de los carteles\u00ab, aunque afirm\u00f3 que la mandataria mexicana, Claudia Sheinbaum, es una \u00abmuy buena persona\u00bb con [&hellip;]<\/p>\n","protected":false},"author":1,"featured_media":6165,"comment_status":"open","ping_status":"open","sticky":false,"template":"","format":"standard","meta":{"footnotes":""},"categories":[4,3],"tags":[],"class_list":["post-6164","post","type-post","status-publish","format-standard","has-post-thumbnail","hentry","category-noticias","category-politica"],"_links":{"self":[{"href":"https:\/\/trabucoradio.com\/home\/index.php?rest_route=\/wp\/v2\/posts\/6164","targetHints":{"allow":["GET"]}}],"collection":[{"href":"https:\/\/trabucoradio.com\/home\/index.php?rest_route=\/wp\/v2\/posts"}],"about":[{"href":"https:\/\/trabucoradio.com\/home\/index.php?rest_route=\/wp\/v2\/types\/post"}],"author":[{"embeddable":true,"href":"https:\/\/trabucoradio.com\/home\/index.php?rest_route=\/wp\/v2\/users\/1"}],"replies":[{"embeddable":true,"href":"https:\/\/trabucoradio.com\/home\/index.php?rest_route=%2Fwp%2Fv2%2Fcomments&post=6164"}],"version-history":[{"count":1,"href":"https:\/\/trabucoradio.com\/home\/index.php?rest_route=\/wp\/v2\/posts\/6164\/revisions"}],"predecessor-version":[{"id":6166,"href":"https:\/\/trabucoradio.com\/home\/index.php?rest_route=\/wp\/v2\/posts\/6164\/revisions\/6166"}],"wp:featuredmedia":[{"embeddable":true,"href":"https:\/\/trabucoradio.com\/home\/index.php?rest_route=\/wp\/v2\/media\/6165"}],"wp:attachment":[{"href":"https:\/\/trabucoradio.com\/home\/index.php?rest_route=%2Fwp%2Fv2%2Fmedia&parent=6164"}],"wp:term":[{"taxonomy":"category","embeddable":true,"href":"https:\/\/trabucoradio.com\/home\/index.php?rest_route=%2Fwp%2Fv2%2Fcategories&post=6164"},{"taxonomy":"post_tag","embeddable":true,"href":"https:\/\/trabucoradio.com\/home\/index.php?rest_route=%2Fwp%2Fv2%2Ftags&post=6164"}],"curies":[{"name":"wp","href":"https:\/\/api.w.org\/{rel}","templated":true}]}}