{"id":6155,"date":"2026-03-04T15:45:47","date_gmt":"2026-03-04T21:45:47","guid":{"rendered":"https:\/\/trabucoradio.com\/home\/?p=6155"},"modified":"2026-03-04T15:45:47","modified_gmt":"2026-03-04T21:45:47","slug":"suman-279-mexicanos-evacuados-de-medio-oriente-por-la-guerra-sheinbaum","status":"publish","type":"post","link":"https:\/\/trabucoradio.com\/home\/?p=6155","title":{"rendered":"SUMAN 279 MEXICANOS EVACUADOS DE MEDIO ORIENTE POR LA GUERRA: SHEINBAUM"},"content":{"rendered":"<p><strong>SUMAN 279 MEXICANOS EVACUADOS DE MEDIO ORIENTE POR LA GUERRA: SHEINBAUM<\/strong><\/p>\n<p>La\u00a0<strong>presidenta Claudia Sheinbaum\u00a0<\/strong>se\u00f1al\u00f3 este mi\u00e9rcoles que hasta el momento\u00a0<strong>279 mexicanos<\/strong>\u00a0han sido\u00a0<strong>evacuados\u00a0<\/strong>de\u00a0<strong>Israel, Jordania, Emiratos \u00c1rabes Unidos, L\u00edbano y Catar,<\/strong>\u00a0en medio de la escalada del\u00a0<strong>conflicto b\u00e9lico en Medio Oriente<\/strong>.<\/p>\n<p>No obstante, Sheinbaum\u00a0no dio m\u00e1s detalles sobre el\u00a0<strong>estado de salud<\/strong>\u00a0en el que se encuentran las personas evacuadas ni cu\u00e1ntos\u00a0<strong>connacionales\u00a0<\/strong>m\u00e1s se encuentran en los pa\u00edses mencionados que, se\u00f1ala,\u00a0\u00abcuentan con\u00a0<strong>espacio a\u00e9reo abierto<\/strong>\u00ab.<\/p>\n<p>Ayer martes la\u00a0<strong>Secretar\u00eda de Relaciones Exteriores<\/strong>\u00a0(SRE)\u00a0hab\u00eda adelantado que poco m\u00e1s de 170 personas hab\u00edan sido evacuadas de los pa\u00edses que se est\u00e1n viendo afectados por el conflicto y afirm\u00f3 que ning\u00fan mexicano ha sido herido.<\/p>\n<p>La canciller\u00eda asegur\u00f3 que, a trav\u00e9s de sus\u00a0<strong>diplom\u00e1ticos<\/strong>, se encuentra atenta a lo que necesiten los mexicanos que est\u00e1n en los pa\u00edses en conflicto y pidi\u00f3 comunicarse a sus n\u00fameros telef\u00f3nicos en caso de\u00a0<strong>emergencia<\/strong>.<\/p>\n<p>El domingo, el canciller mexicano,\u00a0<strong>Juan Ram\u00f3n de la Fuente<\/strong>, inform\u00f3 de que hay cerca de 7.000 connacionales en pa\u00edses de Medio Oriente y que todos se encuentran bien, sin un solo reporte de afectaciones a su integridad f\u00edsica, en medio de un escenario regional complejo marcado por cierres de espacios a\u00e9reos y dificultades para salir de la zona.<\/p>\n","protected":false},"excerpt":{"rendered":"<p>SUMAN 279 MEXICANOS EVACUADOS DE MEDIO ORIENTE POR LA GUERRA: SHEINBAUM La\u00a0presidenta Claudia Sheinbaum\u00a0se\u00f1al\u00f3 este mi\u00e9rcoles que hasta el momento\u00a0279 mexicanos\u00a0han sido\u00a0evacuados\u00a0de\u00a0Israel, Jordania, Emiratos \u00c1rabes Unidos, L\u00edbano y Catar,\u00a0en medio de la escalada del\u00a0conflicto b\u00e9lico en Medio Oriente. No obstante, Sheinbaum\u00a0no dio m\u00e1s detalles sobre el\u00a0estado de salud\u00a0en el que se encuentran las personas evacuadas [&hellip;]<\/p>\n","protected":false},"author":1,"featured_media":6156,"comment_status":"open","ping_status":"open","sticky":false,"template":"","format":"standard","meta":{"footnotes":""},"categories":[4,3],"tags":[],"class_list":["post-6155","post","type-post","status-publish","format-standard","has-post-thumbnail","hentry","category-noticias","category-politica"],"_links":{"self":[{"href":"https:\/\/trabucoradio.com\/home\/index.php?rest_route=\/wp\/v2\/posts\/6155","targetHints":{"allow":["GET"]}}],"collection":[{"href":"https:\/\/trabucoradio.com\/home\/index.php?rest_route=\/wp\/v2\/posts"}],"about":[{"href":"https:\/\/trabucoradio.com\/home\/index.php?rest_route=\/wp\/v2\/types\/post"}],"author":[{"embeddable":true,"href":"https:\/\/trabucoradio.com\/home\/index.php?rest_route=\/wp\/v2\/users\/1"}],"replies":[{"embeddable":true,"href":"https:\/\/trabucoradio.com\/home\/index.php?rest_route=%2Fwp%2Fv2%2Fcomments&post=6155"}],"version-history":[{"count":1,"href":"https:\/\/trabucoradio.com\/home\/index.php?rest_route=\/wp\/v2\/posts\/6155\/revisions"}],"predecessor-version":[{"id":6157,"href":"https:\/\/trabucoradio.com\/home\/index.php?rest_route=\/wp\/v2\/posts\/6155\/revisions\/6157"}],"wp:featuredmedia":[{"embeddable":true,"href":"https:\/\/trabucoradio.com\/home\/index.php?rest_route=\/wp\/v2\/media\/6156"}],"wp:attachment":[{"href":"https:\/\/trabucoradio.com\/home\/index.php?rest_route=%2Fwp%2Fv2%2Fmedia&parent=6155"}],"wp:term":[{"taxonomy":"category","embeddable":true,"href":"https:\/\/trabucoradio.com\/home\/index.php?rest_route=%2Fwp%2Fv2%2Fcategories&post=6155"},{"taxonomy":"post_tag","embeddable":true,"href":"https:\/\/trabucoradio.com\/home\/index.php?rest_route=%2Fwp%2Fv2%2Ftags&post=6155"}],"curies":[{"name":"wp","href":"https:\/\/api.w.org\/{rel}","templated":true}]}}