{"id":6148,"date":"2026-03-04T15:37:31","date_gmt":"2026-03-04T21:37:31","guid":{"rendered":"https:\/\/trabucoradio.com\/home\/?p=6148"},"modified":"2026-03-04T15:37:31","modified_gmt":"2026-03-04T21:37:31","slug":"camara-de-diputados-recibe-reforma-electoral-tras-cambios-de-sheinbaum","status":"publish","type":"post","link":"https:\/\/trabucoradio.com\/home\/?p=6148","title":{"rendered":"C\u00c1MARA DE DIPUTADOS RECIBE REFORMA ELECTORAL TRAS CAMBIOS DE SHEINBAUM"},"content":{"rendered":"<p><strong>C\u00c1MARA DE DIPUTADOS RECIBE REFORMA ELECTORAL TRAS CAMBIOS DE SHEINBAUM<\/strong><\/p>\n<p>La tarde de este mi\u00e9rcoles,\u00a0<strong>la C\u00e1mara de Diputados recibi\u00f3 la iniciativa de\u00a0reforma\u00a0electoral de la presidenta Claudia Sheinbaum Pardo que, entre otros aspectos, prev\u00e9 la reducci\u00f3n del gasto electoral, la elecci\u00f3n de diputados plurinominales por voto directo y no por listas definidas por las c\u00fapulas partidistas, as\u00ed como la disminuci\u00f3n de tiempos para partidos pol\u00edticos y \u00f3rganos electorales en radio y televisi\u00f3n.<\/strong><\/p>\n<p>En representaci\u00f3n del Ejecutivo, el subsecretario de Enlace Legislativo de la Secretar\u00eda de Gobernaci\u00f3n, Juan Ramiro Robledo, hizo entrega del proyecto a Kenia L\u00f3pez, presidenta de la Mesa Directiva en el Palacio de San L\u00e1zaro.<\/p>\n<p><strong>La iniciativa considera reformas a once art\u00edculos de la Constituci\u00f3n Pol\u00edtica en materia electoral.<\/strong><\/p>\n<p>Tras dar acuse de recibo, la diputada presidenta instruy\u00f3 a publicar de manera inmediata la iniciativa en la Gaceta Parlamentaria,<strong>\u00a0con el fin de notificar al pleno la recepci\u00f3n del documento y turnarla a las comisiones unidas de Puntos Constitucionales y de Reforma Pol\u00edtica Electoral para su an\u00e1lisis y dictamen.<\/strong><\/p>\n<p>Ser\u00e1 en la sesi\u00f3n de este mi\u00e9rcoles 4 de marzo en el Palacio de San L\u00e1zaro<strong>\u00a0se pronunciar\u00e1n diferentes posicionamientos en torno a la iniciativa enviada por el Ejecutivo.<\/strong><\/p>\n<p>&nbsp;<\/p>\n","protected":false},"excerpt":{"rendered":"<p>C\u00c1MARA DE DIPUTADOS RECIBE REFORMA ELECTORAL TRAS CAMBIOS DE SHEINBAUM La tarde de este mi\u00e9rcoles,\u00a0la C\u00e1mara de Diputados recibi\u00f3 la iniciativa de\u00a0reforma\u00a0electoral de la presidenta Claudia Sheinbaum Pardo que, entre otros aspectos, prev\u00e9 la reducci\u00f3n del gasto electoral, la elecci\u00f3n de diputados plurinominales por voto directo y no por listas definidas por las c\u00fapulas partidistas, [&hellip;]<\/p>\n","protected":false},"author":1,"featured_media":6149,"comment_status":"open","ping_status":"open","sticky":false,"template":"","format":"standard","meta":{"footnotes":""},"categories":[3],"tags":[],"class_list":["post-6148","post","type-post","status-publish","format-standard","has-post-thumbnail","hentry","category-politica"],"_links":{"self":[{"href":"https:\/\/trabucoradio.com\/home\/index.php?rest_route=\/wp\/v2\/posts\/6148","targetHints":{"allow":["GET"]}}],"collection":[{"href":"https:\/\/trabucoradio.com\/home\/index.php?rest_route=\/wp\/v2\/posts"}],"about":[{"href":"https:\/\/trabucoradio.com\/home\/index.php?rest_route=\/wp\/v2\/types\/post"}],"author":[{"embeddable":true,"href":"https:\/\/trabucoradio.com\/home\/index.php?rest_route=\/wp\/v2\/users\/1"}],"replies":[{"embeddable":true,"href":"https:\/\/trabucoradio.com\/home\/index.php?rest_route=%2Fwp%2Fv2%2Fcomments&post=6148"}],"version-history":[{"count":1,"href":"https:\/\/trabucoradio.com\/home\/index.php?rest_route=\/wp\/v2\/posts\/6148\/revisions"}],"predecessor-version":[{"id":6150,"href":"https:\/\/trabucoradio.com\/home\/index.php?rest_route=\/wp\/v2\/posts\/6148\/revisions\/6150"}],"wp:featuredmedia":[{"embeddable":true,"href":"https:\/\/trabucoradio.com\/home\/index.php?rest_route=\/wp\/v2\/media\/6149"}],"wp:attachment":[{"href":"https:\/\/trabucoradio.com\/home\/index.php?rest_route=%2Fwp%2Fv2%2Fmedia&parent=6148"}],"wp:term":[{"taxonomy":"category","embeddable":true,"href":"https:\/\/trabucoradio.com\/home\/index.php?rest_route=%2Fwp%2Fv2%2Fcategories&post=6148"},{"taxonomy":"post_tag","embeddable":true,"href":"https:\/\/trabucoradio.com\/home\/index.php?rest_route=%2Fwp%2Fv2%2Ftags&post=6148"}],"curies":[{"name":"wp","href":"https:\/\/api.w.org\/{rel}","templated":true}]}}