{"id":6145,"date":"2026-03-04T15:35:07","date_gmt":"2026-03-04T21:35:07","guid":{"rendered":"https:\/\/trabucoradio.com\/home\/?p=6145"},"modified":"2026-03-04T15:35:07","modified_gmt":"2026-03-04T21:35:07","slug":"operativo-contra-el-mencho-no-se-hizo-por-presiones-de-ee-uu-sheinbaum","status":"publish","type":"post","link":"https:\/\/trabucoradio.com\/home\/?p=6145","title":{"rendered":"OPERATIVO CONTRA &#8216;EL MENCHO&#8217; NO SE HIZO POR PRESIONES DE EE.UU.: SHEINBAUM"},"content":{"rendered":"<p><strong>OPERATIVO CONTRA &#8216;EL MENCHO&#8217; NO SE HIZO POR PRESIONES DE EE.UU.: SHEINBAUM<\/strong><\/p>\n<p>La presidenta\u00a0<strong>Claudia Sheinbaum<\/strong>\u00a0rechaz\u00f3 este mi\u00e9rcoles que el\u00a0<strong>operativo\u00a0<\/strong>que deriv\u00f3 en la muerte de\u00a0<strong>El Mencho<\/strong>,\u00a0el pasado 22 de febrero, se debiese a\u00a0<strong>presiones\u00a0<\/strong>del\u00a0<strong>Gobierno de Estados Unidos<\/strong>.<\/p>\n<p>Explic\u00f3, por ello, que el\u00a0<strong>despliegue militar<\/strong>\u00a0buscaba cumplimentar mandamientos judiciales y que las fuerzas federales respondieron a una agresi\u00f3n. \u201cEl operativo fue para detenerlo. El problema es que recibieron agresiones, la\u00a0<strong>Secretar\u00eda de la Defensa Nacional<\/strong>, y respondi\u00f3 en el momento\u201d, indic\u00f3.<\/p>\n<p>Sheinbaum enfatiz\u00f3 que la acci\u00f3n no obedeci\u00f3 a exigencias externas, e insisti\u00f3 en que s\u00f3lo hubo\u00a0<strong>intercambio de informaci\u00f3n con EE.UU.<\/strong><\/p>\n","protected":false},"excerpt":{"rendered":"<p>OPERATIVO CONTRA &#8216;EL MENCHO&#8217; NO SE HIZO POR PRESIONES DE EE.UU.: SHEINBAUM La presidenta\u00a0Claudia Sheinbaum\u00a0rechaz\u00f3 este mi\u00e9rcoles que el\u00a0operativo\u00a0que deriv\u00f3 en la muerte de\u00a0El Mencho,\u00a0el pasado 22 de febrero, se debiese a\u00a0presiones\u00a0del\u00a0Gobierno de Estados Unidos. Explic\u00f3, por ello, que el\u00a0despliegue militar\u00a0buscaba cumplimentar mandamientos judiciales y que las fuerzas federales respondieron a una agresi\u00f3n. \u201cEl operativo [&hellip;]<\/p>\n","protected":false},"author":1,"featured_media":6146,"comment_status":"open","ping_status":"open","sticky":false,"template":"","format":"standard","meta":{"footnotes":""},"categories":[4,3],"tags":[],"class_list":["post-6145","post","type-post","status-publish","format-standard","has-post-thumbnail","hentry","category-noticias","category-politica"],"_links":{"self":[{"href":"https:\/\/trabucoradio.com\/home\/index.php?rest_route=\/wp\/v2\/posts\/6145","targetHints":{"allow":["GET"]}}],"collection":[{"href":"https:\/\/trabucoradio.com\/home\/index.php?rest_route=\/wp\/v2\/posts"}],"about":[{"href":"https:\/\/trabucoradio.com\/home\/index.php?rest_route=\/wp\/v2\/types\/post"}],"author":[{"embeddable":true,"href":"https:\/\/trabucoradio.com\/home\/index.php?rest_route=\/wp\/v2\/users\/1"}],"replies":[{"embeddable":true,"href":"https:\/\/trabucoradio.com\/home\/index.php?rest_route=%2Fwp%2Fv2%2Fcomments&post=6145"}],"version-history":[{"count":1,"href":"https:\/\/trabucoradio.com\/home\/index.php?rest_route=\/wp\/v2\/posts\/6145\/revisions"}],"predecessor-version":[{"id":6147,"href":"https:\/\/trabucoradio.com\/home\/index.php?rest_route=\/wp\/v2\/posts\/6145\/revisions\/6147"}],"wp:featuredmedia":[{"embeddable":true,"href":"https:\/\/trabucoradio.com\/home\/index.php?rest_route=\/wp\/v2\/media\/6146"}],"wp:attachment":[{"href":"https:\/\/trabucoradio.com\/home\/index.php?rest_route=%2Fwp%2Fv2%2Fmedia&parent=6145"}],"wp:term":[{"taxonomy":"category","embeddable":true,"href":"https:\/\/trabucoradio.com\/home\/index.php?rest_route=%2Fwp%2Fv2%2Fcategories&post=6145"},{"taxonomy":"post_tag","embeddable":true,"href":"https:\/\/trabucoradio.com\/home\/index.php?rest_route=%2Fwp%2Fv2%2Ftags&post=6145"}],"curies":[{"name":"wp","href":"https:\/\/api.w.org\/{rel}","templated":true}]}}