{"id":6142,"date":"2026-03-04T15:32:43","date_gmt":"2026-03-04T21:32:43","guid":{"rendered":"https:\/\/trabucoradio.com\/home\/?p=6142"},"modified":"2026-03-04T15:32:43","modified_gmt":"2026-03-04T21:32:43","slug":"fifa-cancela-40-de-sus-reservaciones-en-cdmx-para-el-mundial-2026","status":"publish","type":"post","link":"https:\/\/trabucoradio.com\/home\/?p=6142","title":{"rendered":"FIFA CANCELA 40% DE SUS RESERVACIONES EN CDMX PARA EL MUNDIAL 2026"},"content":{"rendered":"<p><strong>FIFA CANCELA 40% DE SUS RESERVACIONES EN CDMX PARA EL MUNDIAL 2026<\/strong><\/p>\n<p>El\u00a0<strong>director general de la Asociaci\u00f3n de Hoteles de la Ciudad de M\u00e9xico<\/strong>, Alberto Albarr\u00e1n Leyva, revel\u00f3 que el\u00a0<strong>comit\u00e9 organizador de la FIFA<\/strong>\u00a0cancel\u00f3 el\u00a0<strong>40% de las reservaciones en hoteles<\/strong>\u00a0de la\u00a0<strong>Ciudad de M\u00e9xico<\/strong>\u00a0previo al\u00a0<strong>Mundial de 2026<\/strong>, lo que equivale a aproximadamente 800 habitaciones que originalmente estaban apartadas.<\/p>\n<p>En entrevista con Proceso, Albarr\u00e1n Leyva explic\u00f3 que la FIFA ten\u00eda reservadas cerca de 2 mil habitaciones en distintos hoteles de la capital para el\u00a0<strong>evento deportivo<\/strong>\u00a0que se realizar\u00e1 en junio; sin embargo, desde hace aproximadamente un mes comenzaron a registrarse cancelaciones de manera gradual y sin explicaci\u00f3n oficial por parte del comit\u00e9.<\/p>\n<p>De acuerdo con Albarr\u00e1n Leyva, la cancelaci\u00f3n de las habitaciones se confirm\u00f3 con corte al 3 de marzo y se dio directamente entre la FIFA y los hoteles, sin\u00a0<strong>intervenci\u00f3n de autoridades<\/strong>\u00a0p\u00fablicas o del propio sector.<\/p>\n<p>El representante hotelero dijo desconocer si esta misma situaci\u00f3n est\u00e9 ocurriendo en\u00a0<strong>Jalisco y Nuevo Le\u00f3n<\/strong>, estados que tambi\u00e9n ser\u00e1n sedes de los partidos del Mundial. No obstante, descart\u00f3 que la cancelaci\u00f3n se derive de la\u00a0<strong>situaci\u00f3n de violencia<\/strong>\u00a0que se ha vivido en el pa\u00eds, especialmente por los disturbios registrados recientemente tras la muerte de \u201c<strong>El Mencho<\/strong>\u201d, durante un operativo.<\/p>\n","protected":false},"excerpt":{"rendered":"<p>FIFA CANCELA 40% DE SUS RESERVACIONES EN CDMX PARA EL MUNDIAL 2026 El\u00a0director general de la Asociaci\u00f3n de Hoteles de la Ciudad de M\u00e9xico, Alberto Albarr\u00e1n Leyva, revel\u00f3 que el\u00a0comit\u00e9 organizador de la FIFA\u00a0cancel\u00f3 el\u00a040% de las reservaciones en hoteles\u00a0de la\u00a0Ciudad de M\u00e9xico\u00a0previo al\u00a0Mundial de 2026, lo que equivale a aproximadamente 800 habitaciones que originalmente [&hellip;]<\/p>\n","protected":false},"author":1,"featured_media":6143,"comment_status":"open","ping_status":"open","sticky":false,"template":"","format":"standard","meta":{"footnotes":""},"categories":[4],"tags":[],"class_list":["post-6142","post","type-post","status-publish","format-standard","has-post-thumbnail","hentry","category-noticias"],"_links":{"self":[{"href":"https:\/\/trabucoradio.com\/home\/index.php?rest_route=\/wp\/v2\/posts\/6142","targetHints":{"allow":["GET"]}}],"collection":[{"href":"https:\/\/trabucoradio.com\/home\/index.php?rest_route=\/wp\/v2\/posts"}],"about":[{"href":"https:\/\/trabucoradio.com\/home\/index.php?rest_route=\/wp\/v2\/types\/post"}],"author":[{"embeddable":true,"href":"https:\/\/trabucoradio.com\/home\/index.php?rest_route=\/wp\/v2\/users\/1"}],"replies":[{"embeddable":true,"href":"https:\/\/trabucoradio.com\/home\/index.php?rest_route=%2Fwp%2Fv2%2Fcomments&post=6142"}],"version-history":[{"count":1,"href":"https:\/\/trabucoradio.com\/home\/index.php?rest_route=\/wp\/v2\/posts\/6142\/revisions"}],"predecessor-version":[{"id":6144,"href":"https:\/\/trabucoradio.com\/home\/index.php?rest_route=\/wp\/v2\/posts\/6142\/revisions\/6144"}],"wp:featuredmedia":[{"embeddable":true,"href":"https:\/\/trabucoradio.com\/home\/index.php?rest_route=\/wp\/v2\/media\/6143"}],"wp:attachment":[{"href":"https:\/\/trabucoradio.com\/home\/index.php?rest_route=%2Fwp%2Fv2%2Fmedia&parent=6142"}],"wp:term":[{"taxonomy":"category","embeddable":true,"href":"https:\/\/trabucoradio.com\/home\/index.php?rest_route=%2Fwp%2Fv2%2Fcategories&post=6142"},{"taxonomy":"post_tag","embeddable":true,"href":"https:\/\/trabucoradio.com\/home\/index.php?rest_route=%2Fwp%2Fv2%2Ftags&post=6142"}],"curies":[{"name":"wp","href":"https:\/\/api.w.org\/{rel}","templated":true}]}}