{"id":6139,"date":"2026-03-04T15:30:27","date_gmt":"2026-03-04T21:30:27","guid":{"rendered":"https:\/\/trabucoradio.com\/home\/?p=6139"},"modified":"2026-03-04T15:30:27","modified_gmt":"2026-03-04T21:30:27","slug":"entregan-mas-de-2-mil-tabletas-del-programa-de-inclusion-digital-a-estudiantes-de-secundaria","status":"publish","type":"post","link":"https:\/\/trabucoradio.com\/home\/?p=6139","title":{"rendered":"ENTREGAN M\u00c1S DE 2 MIL TABLETAS DEL PROGRAMA DE INCLUSION DIGITAL A ESTUDIANTES DE SECUNDARIA"},"content":{"rendered":"<p><strong>ENTREGAN M\u00c1S DE 2 MIL TABLETAS DEL PROGRAMA DE INCLUSION DIGITAL A ESTUDIANTES DE SECUNDARIA<\/strong><\/p>\n<p><strong>El gobernador Javier May Rodr\u00edguez encabez\u00f3 la entrega de 2 mil 579\u00a0tabletas del programa de \u00abInclusi\u00f3n Digital\u00bb a estudiantes de primer grado de<\/strong>\u00a0<strong>secundaria, en los\u00a0municipios de Jalapa, Tacotalpa y Teapa.<\/strong><\/p>\n<p>Sostuvo que mediante este programa se busca\u00a0<strong>reducir<\/strong>\u00a0<strong>la brecha digital y promover la equidad en la educaci\u00f3n<\/strong>, para\u00a0que todos tengan las mismas oportunidades de desarrollo.<\/p>\n<p>En el municipio de Jalapa, el gobernador Javier May llam\u00f3 a los estudiantes a hacer un buen uso de los dispositivos, y a los padres de familia a acompa\u00f1ar en la formaci\u00f3n de sus hijos \u00abesta tarea es una responsabilidad compartida, lo mejor que podemos dejarle a nuestros hijos es la educaci\u00f3n\u00bb.<\/p>\n<p>El gobernador Javier May resalt\u00f3 que la inversi\u00f3n en la educaci\u00f3n permitir\u00e1 tener j\u00f3venes m\u00e1s preparados \u00a0\u00abesta inversi\u00f3n que estamos haciendo va a tener el mayor de los \u00e9xitos, va a rendir muchos frutos y no me resta m\u00e1s que desearles \u00e9xito\u00a0y que vamos a demostrarles a todos los que no est\u00e1n de acuerdo, \u00a0que tenemos raz\u00f3n\u00bb.<\/p>\n","protected":false},"excerpt":{"rendered":"<p>ENTREGAN M\u00c1S DE 2 MIL TABLETAS DEL PROGRAMA DE INCLUSION DIGITAL A ESTUDIANTES DE SECUNDARIA El gobernador Javier May Rodr\u00edguez encabez\u00f3 la entrega de 2 mil 579\u00a0tabletas del programa de \u00abInclusi\u00f3n Digital\u00bb a estudiantes de primer grado de\u00a0secundaria, en los\u00a0municipios de Jalapa, Tacotalpa y Teapa. Sostuvo que mediante este programa se busca\u00a0reducir\u00a0la brecha digital y [&hellip;]<\/p>\n","protected":false},"author":1,"featured_media":6140,"comment_status":"open","ping_status":"open","sticky":false,"template":"","format":"standard","meta":{"footnotes":""},"categories":[4],"tags":[],"class_list":["post-6139","post","type-post","status-publish","format-standard","has-post-thumbnail","hentry","category-noticias"],"_links":{"self":[{"href":"https:\/\/trabucoradio.com\/home\/index.php?rest_route=\/wp\/v2\/posts\/6139","targetHints":{"allow":["GET"]}}],"collection":[{"href":"https:\/\/trabucoradio.com\/home\/index.php?rest_route=\/wp\/v2\/posts"}],"about":[{"href":"https:\/\/trabucoradio.com\/home\/index.php?rest_route=\/wp\/v2\/types\/post"}],"author":[{"embeddable":true,"href":"https:\/\/trabucoradio.com\/home\/index.php?rest_route=\/wp\/v2\/users\/1"}],"replies":[{"embeddable":true,"href":"https:\/\/trabucoradio.com\/home\/index.php?rest_route=%2Fwp%2Fv2%2Fcomments&post=6139"}],"version-history":[{"count":1,"href":"https:\/\/trabucoradio.com\/home\/index.php?rest_route=\/wp\/v2\/posts\/6139\/revisions"}],"predecessor-version":[{"id":6141,"href":"https:\/\/trabucoradio.com\/home\/index.php?rest_route=\/wp\/v2\/posts\/6139\/revisions\/6141"}],"wp:featuredmedia":[{"embeddable":true,"href":"https:\/\/trabucoradio.com\/home\/index.php?rest_route=\/wp\/v2\/media\/6140"}],"wp:attachment":[{"href":"https:\/\/trabucoradio.com\/home\/index.php?rest_route=%2Fwp%2Fv2%2Fmedia&parent=6139"}],"wp:term":[{"taxonomy":"category","embeddable":true,"href":"https:\/\/trabucoradio.com\/home\/index.php?rest_route=%2Fwp%2Fv2%2Fcategories&post=6139"},{"taxonomy":"post_tag","embeddable":true,"href":"https:\/\/trabucoradio.com\/home\/index.php?rest_route=%2Fwp%2Fv2%2Ftags&post=6139"}],"curies":[{"name":"wp","href":"https:\/\/api.w.org\/{rel}","templated":true}]}}