{"id":6136,"date":"2026-03-04T15:28:07","date_gmt":"2026-03-04T21:28:07","guid":{"rendered":"https:\/\/trabucoradio.com\/home\/?p=6136"},"modified":"2026-03-04T15:28:07","modified_gmt":"2026-03-04T21:28:07","slug":"tabasco-ha-cumplido-con-meta-de-vacunacion-contra-el-sarampion","status":"publish","type":"post","link":"https:\/\/trabucoradio.com\/home\/?p=6136","title":{"rendered":"TABASCO HA CUMPLIDO CON META DE VACUNACI\u00d3N CONTRA EL SARAMPI\u00d3N"},"content":{"rendered":"<p><strong>TABASCO HA CUMPLIDO CON META DE VACUNACI\u00d3N CONTRA EL SARAMPI\u00d3N<\/strong><\/p>\n<p><strong>El Gobierno de Tabasco no bajar\u00e1 la guardia en las acciones de contenci\u00f3n de los casos de sarampi\u00f3n<\/strong>, se\u00f1al\u00f3 el gobernador Javier May Rodr\u00edguez, al\u00a0<strong>descartar que se haya descuidado la prevenci\u00f3n del dengue, q<\/strong>ue ha registrado un repunte de casos.<\/p>\n<p>Inform\u00f3 que ya\u00a0<strong>se<\/strong>\u00a0<strong>alcanz\u00f3\u00a0la meta de vacunaci\u00f3n a<\/strong>\u00a0la poblaci\u00f3n tabasque\u00f1a, sin embargo, las instituciones del sector Salud\u00a0<strong>continuar\u00e1n con los operativos de inmunizaci\u00f3n.<\/strong><\/p>\n<p>\u00abYa hay m\u00e1s conciencia de participaci\u00f3n de la gente. Tenemos un despliegue de todas las instituciones de salud, la Secretar\u00eda de Marina, Defensa, Guardia Nacional, para poder ampliar los m\u00f3dulos de vacunaci\u00f3n\u00bb.<\/p>\n<p>El mandatario tabasque\u00f1o inform\u00f3 form\u00f3 que continuar\u00e1 la vacunaci\u00f3n los fines de semana \u00abno vamos a bajar la guardia\u00bb.<\/p>\n<p><strong>De manera simult\u00e1nea<\/strong>, sostuvo que se est\u00e1\u00a0<strong>atendiendo el tema del dengue<\/strong>, al descartar que se hayan descuidado las acciones de prevenci\u00f3n.<\/p>\n<p>\u00abEste es un ciclo, pero estamos trabajando todos los d\u00edas para el programa de descacharrizaci\u00f3n, el programa que traemos de prevenci\u00f3n y vamos avanzando bien. Est\u00e1 controlado\u00bb.<\/p>\n","protected":false},"excerpt":{"rendered":"<p>TABASCO HA CUMPLIDO CON META DE VACUNACI\u00d3N CONTRA EL SARAMPI\u00d3N El Gobierno de Tabasco no bajar\u00e1 la guardia en las acciones de contenci\u00f3n de los casos de sarampi\u00f3n, se\u00f1al\u00f3 el gobernador Javier May Rodr\u00edguez, al\u00a0descartar que se haya descuidado la prevenci\u00f3n del dengue, que ha registrado un repunte de casos. Inform\u00f3 que ya\u00a0se\u00a0alcanz\u00f3\u00a0la meta de [&hellip;]<\/p>\n","protected":false},"author":1,"featured_media":6137,"comment_status":"open","ping_status":"open","sticky":false,"template":"","format":"standard","meta":{"footnotes":""},"categories":[4],"tags":[],"class_list":["post-6136","post","type-post","status-publish","format-standard","has-post-thumbnail","hentry","category-noticias"],"_links":{"self":[{"href":"https:\/\/trabucoradio.com\/home\/index.php?rest_route=\/wp\/v2\/posts\/6136","targetHints":{"allow":["GET"]}}],"collection":[{"href":"https:\/\/trabucoradio.com\/home\/index.php?rest_route=\/wp\/v2\/posts"}],"about":[{"href":"https:\/\/trabucoradio.com\/home\/index.php?rest_route=\/wp\/v2\/types\/post"}],"author":[{"embeddable":true,"href":"https:\/\/trabucoradio.com\/home\/index.php?rest_route=\/wp\/v2\/users\/1"}],"replies":[{"embeddable":true,"href":"https:\/\/trabucoradio.com\/home\/index.php?rest_route=%2Fwp%2Fv2%2Fcomments&post=6136"}],"version-history":[{"count":1,"href":"https:\/\/trabucoradio.com\/home\/index.php?rest_route=\/wp\/v2\/posts\/6136\/revisions"}],"predecessor-version":[{"id":6138,"href":"https:\/\/trabucoradio.com\/home\/index.php?rest_route=\/wp\/v2\/posts\/6136\/revisions\/6138"}],"wp:featuredmedia":[{"embeddable":true,"href":"https:\/\/trabucoradio.com\/home\/index.php?rest_route=\/wp\/v2\/media\/6137"}],"wp:attachment":[{"href":"https:\/\/trabucoradio.com\/home\/index.php?rest_route=%2Fwp%2Fv2%2Fmedia&parent=6136"}],"wp:term":[{"taxonomy":"category","embeddable":true,"href":"https:\/\/trabucoradio.com\/home\/index.php?rest_route=%2Fwp%2Fv2%2Fcategories&post=6136"},{"taxonomy":"post_tag","embeddable":true,"href":"https:\/\/trabucoradio.com\/home\/index.php?rest_route=%2Fwp%2Fv2%2Ftags&post=6136"}],"curies":[{"name":"wp","href":"https:\/\/api.w.org\/{rel}","templated":true}]}}