{"id":6131,"date":"2026-02-28T09:47:14","date_gmt":"2026-02-28T15:47:14","guid":{"rendered":"https:\/\/trabucoradio.com\/home\/?p=6131"},"modified":"2026-02-28T09:47:14","modified_gmt":"2026-02-28T15:47:14","slug":"morena-garantiza-piso-parejo-a-los-que-aspiran-a-una-candidatura-senala-dirigencia-estatal","status":"publish","type":"post","link":"https:\/\/trabucoradio.com\/home\/?p=6131","title":{"rendered":"MORENA GARANTIZA PISO PAREJO A LOS QUE ASPIRAN A UNA CANDIDATURA, SE\u00d1ALA DIRIGENCIA ESTATAL"},"content":{"rendered":"<p><strong>MORENA GARANTIZA PISO PAREJO A LOS QUE ASPIRAN A UNA CANDIDATURA, SE\u00d1ALA DIRIGENCIA ESTATAL<\/strong><\/p>\n<p><strong>Morena en Tabasco ha establecido mesas de integraci\u00f3n y coordinaci\u00f3n pol\u00edtica con todos los aspirantes y liderazgos representativos de los municipios<\/strong>, para garantizar un\u00a0<strong>proceso de selecci\u00f3n de candidatos transparente y equitativo,<\/strong>\u00a0se\u00f1al\u00f3 el dirigente Jes\u00fas Selv\u00e1n Garc\u00eda.<\/p>\n<p>Sostuvo que en estos\u00a0<strong>encuentros<\/strong>\u00a0se ha enfatizado la\u00a0<strong>importancia<\/strong>\u00a0<strong>de la madurez pol\u00edtica y la responsabilidad en el proceso interno<\/strong>\u00a0en el que se definir\u00e1 a quienes ser\u00e1n sus\u00a0<strong>abanderados en las elecciones del 2027.<\/strong><\/p>\n<p>Se\u00f1al\u00f3 que recientemente se reuni\u00f3 esa mesa en el municipio de Nacajuca \u00abcomentamos que tiene que haber madurez y responsabilidad, porque m\u00e1s all\u00e1 del inter\u00e9s particular que alguien tenga por una candidatura\u00a0est\u00e1 el inter\u00e9s com\u00fan del pueblo\u00bb.<\/p>\n<p>Selv\u00e1n Garc\u00eda se\u00f1al\u00f3 que en\u00a0<strong>MORENA hay piso parejo para todos los que tengan alguna \u00a0aspiraci\u00f3n pol\u00edtica.<\/strong><\/p>\n","protected":false},"excerpt":{"rendered":"<p>MORENA GARANTIZA PISO PAREJO A LOS QUE ASPIRAN A UNA CANDIDATURA, SE\u00d1ALA DIRIGENCIA ESTATAL Morena en Tabasco ha establecido mesas de integraci\u00f3n y coordinaci\u00f3n pol\u00edtica con todos los aspirantes y liderazgos representativos de los municipios, para garantizar un\u00a0proceso de selecci\u00f3n de candidatos transparente y equitativo,\u00a0se\u00f1al\u00f3 el dirigente Jes\u00fas Selv\u00e1n Garc\u00eda. Sostuvo que en estos\u00a0encuentros\u00a0se ha [&hellip;]<\/p>\n","protected":false},"author":1,"featured_media":6132,"comment_status":"open","ping_status":"open","sticky":false,"template":"","format":"standard","meta":{"footnotes":""},"categories":[4],"tags":[],"class_list":["post-6131","post","type-post","status-publish","format-standard","has-post-thumbnail","hentry","category-noticias"],"_links":{"self":[{"href":"https:\/\/trabucoradio.com\/home\/index.php?rest_route=\/wp\/v2\/posts\/6131","targetHints":{"allow":["GET"]}}],"collection":[{"href":"https:\/\/trabucoradio.com\/home\/index.php?rest_route=\/wp\/v2\/posts"}],"about":[{"href":"https:\/\/trabucoradio.com\/home\/index.php?rest_route=\/wp\/v2\/types\/post"}],"author":[{"embeddable":true,"href":"https:\/\/trabucoradio.com\/home\/index.php?rest_route=\/wp\/v2\/users\/1"}],"replies":[{"embeddable":true,"href":"https:\/\/trabucoradio.com\/home\/index.php?rest_route=%2Fwp%2Fv2%2Fcomments&post=6131"}],"version-history":[{"count":1,"href":"https:\/\/trabucoradio.com\/home\/index.php?rest_route=\/wp\/v2\/posts\/6131\/revisions"}],"predecessor-version":[{"id":6133,"href":"https:\/\/trabucoradio.com\/home\/index.php?rest_route=\/wp\/v2\/posts\/6131\/revisions\/6133"}],"wp:featuredmedia":[{"embeddable":true,"href":"https:\/\/trabucoradio.com\/home\/index.php?rest_route=\/wp\/v2\/media\/6132"}],"wp:attachment":[{"href":"https:\/\/trabucoradio.com\/home\/index.php?rest_route=%2Fwp%2Fv2%2Fmedia&parent=6131"}],"wp:term":[{"taxonomy":"category","embeddable":true,"href":"https:\/\/trabucoradio.com\/home\/index.php?rest_route=%2Fwp%2Fv2%2Fcategories&post=6131"},{"taxonomy":"post_tag","embeddable":true,"href":"https:\/\/trabucoradio.com\/home\/index.php?rest_route=%2Fwp%2Fv2%2Ftags&post=6131"}],"curies":[{"name":"wp","href":"https:\/\/api.w.org\/{rel}","templated":true}]}}