{"id":6128,"date":"2026-02-28T09:43:21","date_gmt":"2026-02-28T15:43:21","guid":{"rendered":"https:\/\/trabucoradio.com\/home\/?p=6128"},"modified":"2026-02-28T09:43:21","modified_gmt":"2026-02-28T15:43:21","slug":"tabasco-de-los-estados-mas-participativos-en-donacion-de-organos-resalta-javier-may","status":"publish","type":"post","link":"https:\/\/trabucoradio.com\/home\/?p=6128","title":{"rendered":"TABASCO DE LOS ESTADOS M\u00c1S PARTICIPATIVOS EN DONACI\u00d3N DE \u00d3RGANOS, RESALTA JAVIER MAY"},"content":{"rendered":"<p><strong>TABASCO DE LOS ESTADOS M\u00c1S PARTICIPATIVOS EN DONACI\u00d3N DE \u00d3RGANOS, RESALTA JAVIER MAY<\/strong><\/p>\n<p>El gobernador de Tabasco,<strong>\u00a0Javier May Rodr\u00edguez<\/strong>, inform\u00f3 que la entidad se consolida como un referente nacional en la cultura de la donaci\u00f3n de \u00f3rganos, dijo que pese a que hist\u00f3ricamente ha existido cierta renuencia ciudadana a participar, el mandatario asegur\u00f3 que los tabasque\u00f1os son cada vez m\u00e1s participativos en este proceso vital para salvar vidas.<\/p>\n<p align=\"justify\"><strong>\u201cCada vez hay m\u00e1s participaci\u00f3n de los tabasque\u00f1os que se enlistan en donaciones. Estamos en los estados donde hay m\u00e1s participaci\u00f3n a nivel nacional\u201d,\u00a0<\/strong>afirm\u00f3 May Rodr\u00edguez sin especificar el ranking en el que se encuentra la entidad, subrayando que su administraci\u00f3n continuar\u00e1 invitando a la ciudadan\u00eda a sumarse a este padr\u00f3n de donantes.<\/p>\n<p align=\"left\"><strong>Aunque se han registrado avances significativos, como la reciente realizaci\u00f3n de cinco operaciones multiorg\u00e1nicas de donantes cadav\u00e9ricos, el Gobernador reconoci\u00f3 que se debe seguir trabajando para vencer los tab\u00faes respecto a este tema.<\/strong><\/p>\n<p align=\"justify\">Para ello, adelant\u00f3 que la<strong>\u00a0Secretar\u00eda de Salud<\/strong>\u00a0continuar\u00e1 con las campa\u00f1as de sensibilizaci\u00f3n para incrementar el n\u00famero de voluntarios registrados.<\/p>\n","protected":false},"excerpt":{"rendered":"<p>TABASCO DE LOS ESTADOS M\u00c1S PARTICIPATIVOS EN DONACI\u00d3N DE \u00d3RGANOS, RESALTA JAVIER MAY El gobernador de Tabasco,\u00a0Javier May Rodr\u00edguez, inform\u00f3 que la entidad se consolida como un referente nacional en la cultura de la donaci\u00f3n de \u00f3rganos, dijo que pese a que hist\u00f3ricamente ha existido cierta renuencia ciudadana a participar, el mandatario asegur\u00f3 que los [&hellip;]<\/p>\n","protected":false},"author":1,"featured_media":6129,"comment_status":"open","ping_status":"open","sticky":false,"template":"","format":"standard","meta":{"footnotes":""},"categories":[4],"tags":[],"class_list":["post-6128","post","type-post","status-publish","format-standard","has-post-thumbnail","hentry","category-noticias"],"_links":{"self":[{"href":"https:\/\/trabucoradio.com\/home\/index.php?rest_route=\/wp\/v2\/posts\/6128","targetHints":{"allow":["GET"]}}],"collection":[{"href":"https:\/\/trabucoradio.com\/home\/index.php?rest_route=\/wp\/v2\/posts"}],"about":[{"href":"https:\/\/trabucoradio.com\/home\/index.php?rest_route=\/wp\/v2\/types\/post"}],"author":[{"embeddable":true,"href":"https:\/\/trabucoradio.com\/home\/index.php?rest_route=\/wp\/v2\/users\/1"}],"replies":[{"embeddable":true,"href":"https:\/\/trabucoradio.com\/home\/index.php?rest_route=%2Fwp%2Fv2%2Fcomments&post=6128"}],"version-history":[{"count":1,"href":"https:\/\/trabucoradio.com\/home\/index.php?rest_route=\/wp\/v2\/posts\/6128\/revisions"}],"predecessor-version":[{"id":6130,"href":"https:\/\/trabucoradio.com\/home\/index.php?rest_route=\/wp\/v2\/posts\/6128\/revisions\/6130"}],"wp:featuredmedia":[{"embeddable":true,"href":"https:\/\/trabucoradio.com\/home\/index.php?rest_route=\/wp\/v2\/media\/6129"}],"wp:attachment":[{"href":"https:\/\/trabucoradio.com\/home\/index.php?rest_route=%2Fwp%2Fv2%2Fmedia&parent=6128"}],"wp:term":[{"taxonomy":"category","embeddable":true,"href":"https:\/\/trabucoradio.com\/home\/index.php?rest_route=%2Fwp%2Fv2%2Fcategories&post=6128"},{"taxonomy":"post_tag","embeddable":true,"href":"https:\/\/trabucoradio.com\/home\/index.php?rest_route=%2Fwp%2Fv2%2Ftags&post=6128"}],"curies":[{"name":"wp","href":"https:\/\/api.w.org\/{rel}","templated":true}]}}