{"id":6125,"date":"2026-02-28T09:40:03","date_gmt":"2026-02-28T15:40:03","guid":{"rendered":"https:\/\/trabucoradio.com\/home\/?p=6125"},"modified":"2026-02-28T09:40:03","modified_gmt":"2026-02-28T15:40:03","slug":"en-abril-estaria-operando-nueva-app-para-taxis-regulada-por-semovi","status":"publish","type":"post","link":"https:\/\/trabucoradio.com\/home\/?p=6125","title":{"rendered":"EN ABRIL ESTAR\u00cdA OPERANDO NUEVA APP PARA TAXIS, REGULADA POR SEMOVI"},"content":{"rendered":"<p><strong>EN ABRIL ESTAR\u00cdA OPERANDO NUEVA APP PARA TAXIS, REGULADA POR SEMOVI<\/strong><\/p>\n<p>La Secretar\u00eda de Movilidad (SEMOVI) estim\u00f3 que\u00a0<strong>a finales del mes de abril, estar\u00e1 operando la aplicaci\u00f3n digital para taxis, que ser\u00e1 regulada por el Gobierno de Tabasco.<\/strong><\/p>\n<p>El titular de la SEMOVI Rafael El\u00edas S\u00e1nchez Cabrales, explic\u00f3 que se busca mejorar el servicio mediante una plataforma digital a trav\u00e9s de la cual los usuarios podr\u00e1n solicitar una unidad de manera segura.<\/p>\n<p>Indic\u00f3 que la\u00a0<strong>nueva APP iniciar\u00e1 servicio con alrededor de 400 unidades, que cobrar\u00e1n un precio justo y sin variaci\u00f3n por hora o clima,<\/strong>\u00a0y descart\u00f3 que sea una competencia desleal con otras plataformas privadas.<\/p>\n<p>S\u00e1nchez Cabrales se\u00f1al\u00f3 que la aplicaci\u00f3n est\u00e1 siendo desarrollada por el Gobierno del Estado en colaboraci\u00f3n con una empresa externa, aunque el servicio ser\u00e1 regulado por la SEMOVI.<\/p>\n<p>Se\u00f1al\u00f3 que m\u00e1s adelante la plataforma podr\u00eda abrirse para quienes quieran prestar ese tipo de servicio\u00a0de\u00a0car\u00e1cter oficial.<\/p>\n","protected":false},"excerpt":{"rendered":"<p>EN ABRIL ESTAR\u00cdA OPERANDO NUEVA APP PARA TAXIS, REGULADA POR SEMOVI La Secretar\u00eda de Movilidad (SEMOVI) estim\u00f3 que\u00a0a finales del mes de abril, estar\u00e1 operando la aplicaci\u00f3n digital para taxis, que ser\u00e1 regulada por el Gobierno de Tabasco. El titular de la SEMOVI Rafael El\u00edas S\u00e1nchez Cabrales, explic\u00f3 que se busca mejorar el servicio mediante [&hellip;]<\/p>\n","protected":false},"author":1,"featured_media":6126,"comment_status":"open","ping_status":"open","sticky":false,"template":"","format":"standard","meta":{"footnotes":""},"categories":[4],"tags":[],"class_list":["post-6125","post","type-post","status-publish","format-standard","has-post-thumbnail","hentry","category-noticias"],"_links":{"self":[{"href":"https:\/\/trabucoradio.com\/home\/index.php?rest_route=\/wp\/v2\/posts\/6125","targetHints":{"allow":["GET"]}}],"collection":[{"href":"https:\/\/trabucoradio.com\/home\/index.php?rest_route=\/wp\/v2\/posts"}],"about":[{"href":"https:\/\/trabucoradio.com\/home\/index.php?rest_route=\/wp\/v2\/types\/post"}],"author":[{"embeddable":true,"href":"https:\/\/trabucoradio.com\/home\/index.php?rest_route=\/wp\/v2\/users\/1"}],"replies":[{"embeddable":true,"href":"https:\/\/trabucoradio.com\/home\/index.php?rest_route=%2Fwp%2Fv2%2Fcomments&post=6125"}],"version-history":[{"count":1,"href":"https:\/\/trabucoradio.com\/home\/index.php?rest_route=\/wp\/v2\/posts\/6125\/revisions"}],"predecessor-version":[{"id":6127,"href":"https:\/\/trabucoradio.com\/home\/index.php?rest_route=\/wp\/v2\/posts\/6125\/revisions\/6127"}],"wp:featuredmedia":[{"embeddable":true,"href":"https:\/\/trabucoradio.com\/home\/index.php?rest_route=\/wp\/v2\/media\/6126"}],"wp:attachment":[{"href":"https:\/\/trabucoradio.com\/home\/index.php?rest_route=%2Fwp%2Fv2%2Fmedia&parent=6125"}],"wp:term":[{"taxonomy":"category","embeddable":true,"href":"https:\/\/trabucoradio.com\/home\/index.php?rest_route=%2Fwp%2Fv2%2Fcategories&post=6125"},{"taxonomy":"post_tag","embeddable":true,"href":"https:\/\/trabucoradio.com\/home\/index.php?rest_route=%2Fwp%2Fv2%2Ftags&post=6125"}],"curies":[{"name":"wp","href":"https:\/\/api.w.org\/{rel}","templated":true}]}}