{"id":6103,"date":"2026-02-26T14:39:39","date_gmt":"2026-02-26T20:39:39","guid":{"rendered":"https:\/\/trabucoradio.com\/home\/?p=6103"},"modified":"2026-02-26T14:39:39","modified_gmt":"2026-02-26T20:39:39","slug":"programa-la-tienda-del-sol-ofrece-productos-basicos-a-bajo-costo-en-santa-rosalia","status":"publish","type":"post","link":"https:\/\/trabucoradio.com\/home\/?p=6103","title":{"rendered":"PROGRAMA \u201cLA TIENDA DEL SOL\u201d OFRECE PRODUCTOS B\u00c1SICOS A BAJO COSTO EN SANTA ROSAL\u00cdA"},"content":{"rendered":"<p><strong>PROGRAMA \u201cLA TIENDA DEL SOL\u201d OFRECE PRODUCTOS B\u00c1SICOS A BAJO COSTO EN SANTA ROSAL\u00cdA<\/strong><\/p>\n<p>El diputado Nelson Humberto Gallegos Vaca inform\u00f3 que el pasado 25 de febrero por la ma\u00f1ana se llev\u00f3 a cabo el programa \u201cLa Tienda del Sol\u201d en Santa Rosal\u00eda, como parte de las acciones de apoyo a la econom\u00eda familiar, ofreciendo productos de la canasta b\u00e1sica a bajo costo.<\/p>\n<p>Durante la jornada, cientos de personas acudieron para aprovechar la oportunidad de adquirir art\u00edculos esenciales a precios accesibles, con el objetivo de contribuir al rendimiento de su econom\u00eda.<\/p>\n<p>En esta actividad acompa\u00f1aron al legislador Gontej Maricela, vicepresidenta de la mesa directiva del PRD; Miguelina Ovando L\u00f3pez, regidora; Diana Janeth Ramos Collado, secretaria juvenil del PRD; y Adolfo Jim\u00e9nez, coordinador distrital. Asimismo, se cont\u00f3 con el apoyo del equipo conformado por Flor Montejo, Rafael Reyes Hern\u00e1ndez, Lalo Priego, Felipe P\u00e9rez y Luis G\u00f6He.<\/p>\n<p>Finalmente, se expres\u00f3 agradecimiento al equipo de la Familia Mac\u00edas por su colaboraci\u00f3n en esta iniciativa.<\/p>\n","protected":false},"excerpt":{"rendered":"<p>PROGRAMA \u201cLA TIENDA DEL SOL\u201d OFRECE PRODUCTOS B\u00c1SICOS A BAJO COSTO EN SANTA ROSAL\u00cdA El diputado Nelson Humberto Gallegos Vaca inform\u00f3 que el pasado 25 de febrero por la ma\u00f1ana se llev\u00f3 a cabo el programa \u201cLa Tienda del Sol\u201d en Santa Rosal\u00eda, como parte de las acciones de apoyo a la econom\u00eda familiar, ofreciendo [&hellip;]<\/p>\n","protected":false},"author":1,"featured_media":6104,"comment_status":"open","ping_status":"open","sticky":false,"template":"","format":"standard","meta":{"footnotes":""},"categories":[3],"tags":[],"class_list":["post-6103","post","type-post","status-publish","format-standard","has-post-thumbnail","hentry","category-politica"],"_links":{"self":[{"href":"https:\/\/trabucoradio.com\/home\/index.php?rest_route=\/wp\/v2\/posts\/6103","targetHints":{"allow":["GET"]}}],"collection":[{"href":"https:\/\/trabucoradio.com\/home\/index.php?rest_route=\/wp\/v2\/posts"}],"about":[{"href":"https:\/\/trabucoradio.com\/home\/index.php?rest_route=\/wp\/v2\/types\/post"}],"author":[{"embeddable":true,"href":"https:\/\/trabucoradio.com\/home\/index.php?rest_route=\/wp\/v2\/users\/1"}],"replies":[{"embeddable":true,"href":"https:\/\/trabucoradio.com\/home\/index.php?rest_route=%2Fwp%2Fv2%2Fcomments&post=6103"}],"version-history":[{"count":1,"href":"https:\/\/trabucoradio.com\/home\/index.php?rest_route=\/wp\/v2\/posts\/6103\/revisions"}],"predecessor-version":[{"id":6105,"href":"https:\/\/trabucoradio.com\/home\/index.php?rest_route=\/wp\/v2\/posts\/6103\/revisions\/6105"}],"wp:featuredmedia":[{"embeddable":true,"href":"https:\/\/trabucoradio.com\/home\/index.php?rest_route=\/wp\/v2\/media\/6104"}],"wp:attachment":[{"href":"https:\/\/trabucoradio.com\/home\/index.php?rest_route=%2Fwp%2Fv2%2Fmedia&parent=6103"}],"wp:term":[{"taxonomy":"category","embeddable":true,"href":"https:\/\/trabucoradio.com\/home\/index.php?rest_route=%2Fwp%2Fv2%2Fcategories&post=6103"},{"taxonomy":"post_tag","embeddable":true,"href":"https:\/\/trabucoradio.com\/home\/index.php?rest_route=%2Fwp%2Fv2%2Ftags&post=6103"}],"curies":[{"name":"wp","href":"https:\/\/api.w.org\/{rel}","templated":true}]}}