{"id":6100,"date":"2026-02-26T14:34:47","date_gmt":"2026-02-26T20:34:47","guid":{"rendered":"https:\/\/trabucoradio.com\/home\/?p=6100"},"modified":"2026-02-26T14:34:47","modified_gmt":"2026-02-26T20:34:47","slug":"como-politico-es-muy-buen-empresario-sheinbaum-sobre-elon-musk-tras-burlas","status":"publish","type":"post","link":"https:\/\/trabucoradio.com\/home\/?p=6100","title":{"rendered":"\u201cCOMO POL\u00cdTICO ES MUY BUEN EMPRESARIO\u201d: SHEINBAUM SOBRE ELON MUSK TRAS BURLAS"},"content":{"rendered":"<p><strong>\u201cCOMO POL\u00cdTICO ES MUY BUEN EMPRESARIO\u201d: SHEINBAUM SOBRE ELON MUSK TRAS BURLAS<\/strong><\/p>\n<p>La presidenta\u00a0<strong>Claudia Sheinbaum<\/strong>\u00a0consider\u00f3 este jueves \u201cque valga la pena\u201d generar un\u00a0<strong>debate<\/strong>\u00a0con\u00a0<strong>Elon Musk<\/strong>, tras las\u00a0<strong>cr\u00edticas del empresario<\/strong>\u00a0contra en su contra, aunque no descart\u00f3 tomar\u00a0<strong>acciones legales<\/strong>.<\/p>\n<p>En una publicaci\u00f3n en su\u00a0<strong>cuenta de X<\/strong>, red social de su propiedad, Musk refiri\u00f3 que Sheinbaum obedece a los\u00a0<strong>c\u00e1rteles<\/strong>, luego del\u00a0<strong>operativo federal en Jalisco<\/strong>\u00a0en el que mur\u00f3\u00a0<strong>El Mencho<\/strong>. Fue entonces que, el 24 de febrero, Sheinbaum inform\u00f3 que su equipo analizaba la posibilidad de emprender acciones legales contra el\u00a0<strong>due\u00f1o de Tesla<\/strong>.<\/p>\n<p>Sin embargo, Musk tambi\u00e9n escribi\u00f3 en tono ir\u00f3nico: \u201cEst\u00e1 violando mis\u00a0<strong>derechos humanos<\/strong>\u201d. Pero la presidenta consider\u00f3 que Musk \u201ccomo pol\u00edtico, es muy buen empresario\u201d.<\/p>\n<p>Sheinbaum calific\u00f3 de absurdo el se\u00f1alamiento de que su gobierno act\u00faa bajo instrucciones del\u00a0<strong>narcotr\u00e1fico<\/strong>. \u201cSi antes era un absurdo decirlo, pues ahora todav\u00eda m\u00e1s; se cae por s\u00ed solo. Ya no saben ni qu\u00e9 inventar, la verdad. Da hasta risa leerlos\u201d, dijo.<\/p>\n","protected":false},"excerpt":{"rendered":"<p>\u201cCOMO POL\u00cdTICO ES MUY BUEN EMPRESARIO\u201d: SHEINBAUM SOBRE ELON MUSK TRAS BURLAS La presidenta\u00a0Claudia Sheinbaum\u00a0consider\u00f3 este jueves \u201cque valga la pena\u201d generar un\u00a0debate\u00a0con\u00a0Elon Musk, tras las\u00a0cr\u00edticas del empresario\u00a0contra en su contra, aunque no descart\u00f3 tomar\u00a0acciones legales. En una publicaci\u00f3n en su\u00a0cuenta de X, red social de su propiedad, Musk refiri\u00f3 que Sheinbaum obedece a los\u00a0c\u00e1rteles, [&hellip;]<\/p>\n","protected":false},"author":1,"featured_media":6101,"comment_status":"open","ping_status":"open","sticky":false,"template":"","format":"standard","meta":{"footnotes":""},"categories":[3],"tags":[],"class_list":["post-6100","post","type-post","status-publish","format-standard","has-post-thumbnail","hentry","category-politica"],"_links":{"self":[{"href":"https:\/\/trabucoradio.com\/home\/index.php?rest_route=\/wp\/v2\/posts\/6100","targetHints":{"allow":["GET"]}}],"collection":[{"href":"https:\/\/trabucoradio.com\/home\/index.php?rest_route=\/wp\/v2\/posts"}],"about":[{"href":"https:\/\/trabucoradio.com\/home\/index.php?rest_route=\/wp\/v2\/types\/post"}],"author":[{"embeddable":true,"href":"https:\/\/trabucoradio.com\/home\/index.php?rest_route=\/wp\/v2\/users\/1"}],"replies":[{"embeddable":true,"href":"https:\/\/trabucoradio.com\/home\/index.php?rest_route=%2Fwp%2Fv2%2Fcomments&post=6100"}],"version-history":[{"count":1,"href":"https:\/\/trabucoradio.com\/home\/index.php?rest_route=\/wp\/v2\/posts\/6100\/revisions"}],"predecessor-version":[{"id":6102,"href":"https:\/\/trabucoradio.com\/home\/index.php?rest_route=\/wp\/v2\/posts\/6100\/revisions\/6102"}],"wp:featuredmedia":[{"embeddable":true,"href":"https:\/\/trabucoradio.com\/home\/index.php?rest_route=\/wp\/v2\/media\/6101"}],"wp:attachment":[{"href":"https:\/\/trabucoradio.com\/home\/index.php?rest_route=%2Fwp%2Fv2%2Fmedia&parent=6100"}],"wp:term":[{"taxonomy":"category","embeddable":true,"href":"https:\/\/trabucoradio.com\/home\/index.php?rest_route=%2Fwp%2Fv2%2Fcategories&post=6100"},{"taxonomy":"post_tag","embeddable":true,"href":"https:\/\/trabucoradio.com\/home\/index.php?rest_route=%2Fwp%2Fv2%2Ftags&post=6100"}],"curies":[{"name":"wp","href":"https:\/\/api.w.org\/{rel}","templated":true}]}}