{"id":6094,"date":"2026-02-26T14:15:30","date_gmt":"2026-02-26T20:15:30","guid":{"rendered":"https:\/\/trabucoradio.com\/home\/?p=6094"},"modified":"2026-02-26T14:15:30","modified_gmt":"2026-02-26T20:15:30","slug":"sheinbaum-defiende-su-reforma-electoral-ante-rechazo-de-pvem-y-pt","status":"publish","type":"post","link":"https:\/\/trabucoradio.com\/home\/?p=6094","title":{"rendered":"SHEINBAUM DEFIENDE SU REFORMA ELECTORAL ANTE RECHAZO DE PVEM Y PT"},"content":{"rendered":"<p><strong>SHEINBAUM DEFIENDE SU REFORMA ELECTORAL ANTE RECHAZO DE PVEM Y PT<\/strong><\/p>\n<p>La\u00a0<strong>presidenta Claudia Sheinbaum<\/strong>\u00a0critic\u00f3 este jueves a los\u00a0<strong>partidos pol\u00edticos<\/strong>\u00a0que est\u00e1n en contra de su\u00a0<strong>reforma electoral<\/strong>, pero consider\u00f3 que \u201ctienen derecho a no estar de acuerdo\u201d con la propuesta que la mandataria enviar\u00e1 el lunes a la\u00a0<strong>C\u00e1mara de Diputados<\/strong>\u00a0para su an\u00e1lisis.<\/p>\n<p>Sheinbaum se\u00f1al\u00f3 que el rechazo del\u00a0<strong>Partido Verde<\/strong>\u00a0(PVEM) y\u00a0<strong>Partido del Trabajo<\/strong>\u00a0(PT) demostrar\u00e1 a los ciudadanos \u00abqui\u00e9n defiende las\u00a0<strong>famosas listas de pluris<\/strong>\u00a0y qui\u00e9n no\u00bb.<\/p>\n<p>En este sentido, reiter\u00f3 que presentar\u00e1 una \u00abreforma responsable\u00bb con la que se mantiene la\u00a0<strong>representaci\u00f3n proporcional<\/strong>, pero se les llama a pedir el\u00a0<strong>voto en territorio<\/strong>, y es que tanto la oposici\u00f3n, los aliados de\u00a0<strong>Morena<\/strong>\u00a0y hasta propios integrantes del partido oficialista se han mostrado su\u00a0<strong>negativa a la iniciativa.\u00a0<\/strong><\/p>\n<p>\u00abYa depende de Morena si va a ir con el Verde o con el PT, o si el Verde quiere ir con Morena o el PT quiere, depende de ellos\u00bb, se\u00f1al\u00f3 Sheinbaum, negando que su propuesta \u201cnaciera\u00a0<strong>muerta<\/strong>\u201d y refiriendo que ella obedeci\u00f3 a lo que la\u00a0<strong>ciudadan\u00eda<\/strong>\u00a0demandaba.<\/p>\n","protected":false},"excerpt":{"rendered":"<p>SHEINBAUM DEFIENDE SU REFORMA ELECTORAL ANTE RECHAZO DE PVEM Y PT La\u00a0presidenta Claudia Sheinbaum\u00a0critic\u00f3 este jueves a los\u00a0partidos pol\u00edticos\u00a0que est\u00e1n en contra de su\u00a0reforma electoral, pero consider\u00f3 que \u201ctienen derecho a no estar de acuerdo\u201d con la propuesta que la mandataria enviar\u00e1 el lunes a la\u00a0C\u00e1mara de Diputados\u00a0para su an\u00e1lisis. Sheinbaum se\u00f1al\u00f3 que el rechazo [&hellip;]<\/p>\n","protected":false},"author":1,"featured_media":6095,"comment_status":"open","ping_status":"open","sticky":false,"template":"","format":"standard","meta":{"footnotes":""},"categories":[3],"tags":[],"class_list":["post-6094","post","type-post","status-publish","format-standard","has-post-thumbnail","hentry","category-politica"],"_links":{"self":[{"href":"https:\/\/trabucoradio.com\/home\/index.php?rest_route=\/wp\/v2\/posts\/6094","targetHints":{"allow":["GET"]}}],"collection":[{"href":"https:\/\/trabucoradio.com\/home\/index.php?rest_route=\/wp\/v2\/posts"}],"about":[{"href":"https:\/\/trabucoradio.com\/home\/index.php?rest_route=\/wp\/v2\/types\/post"}],"author":[{"embeddable":true,"href":"https:\/\/trabucoradio.com\/home\/index.php?rest_route=\/wp\/v2\/users\/1"}],"replies":[{"embeddable":true,"href":"https:\/\/trabucoradio.com\/home\/index.php?rest_route=%2Fwp%2Fv2%2Fcomments&post=6094"}],"version-history":[{"count":1,"href":"https:\/\/trabucoradio.com\/home\/index.php?rest_route=\/wp\/v2\/posts\/6094\/revisions"}],"predecessor-version":[{"id":6096,"href":"https:\/\/trabucoradio.com\/home\/index.php?rest_route=\/wp\/v2\/posts\/6094\/revisions\/6096"}],"wp:featuredmedia":[{"embeddable":true,"href":"https:\/\/trabucoradio.com\/home\/index.php?rest_route=\/wp\/v2\/media\/6095"}],"wp:attachment":[{"href":"https:\/\/trabucoradio.com\/home\/index.php?rest_route=%2Fwp%2Fv2%2Fmedia&parent=6094"}],"wp:term":[{"taxonomy":"category","embeddable":true,"href":"https:\/\/trabucoradio.com\/home\/index.php?rest_route=%2Fwp%2Fv2%2Fcategories&post=6094"},{"taxonomy":"post_tag","embeddable":true,"href":"https:\/\/trabucoradio.com\/home\/index.php?rest_route=%2Fwp%2Fv2%2Ftags&post=6094"}],"curies":[{"name":"wp","href":"https:\/\/api.w.org\/{rel}","templated":true}]}}