{"id":6088,"date":"2026-02-26T14:05:07","date_gmt":"2026-02-26T20:05:07","guid":{"rendered":"https:\/\/trabucoradio.com\/home\/?p=6088"},"modified":"2026-02-26T14:05:07","modified_gmt":"2026-02-26T20:05:07","slug":"sheinbaum-reafirma-que-mexico-sera-sede-del-mundial-tras-respaldo-de-la-fifa","status":"publish","type":"post","link":"https:\/\/trabucoradio.com\/home\/?p=6088","title":{"rendered":"SHEINBAUM REAFIRMA QUE M\u00c9XICO SER\u00c1 \u00abSEDE\u00bb DEL MUNDIAL TRAS RESPALDO DE LA FIFA"},"content":{"rendered":"<p><strong>SHEINBAUM REAFIRMA QUE M\u00c9XICO SER\u00c1 \u00abSEDE\u00bb DEL MUNDIAL TRAS RESPALDO DE LA FIFA<\/strong><\/p>\n<p>La\u00a0<strong>presidenta de M\u00e9xico, Claudia Sheinbaum<\/strong>, agradeci\u00f3 este jueves a la\u00a0<strong>FIFA\u00a0<\/strong>por ratificar que M\u00e9xico seguir\u00e1 como sede del\u00a0<strong>Mundial de F\u00fatbol 2026<\/strong>, a la vez que remarc\u00f3 que \u00abM\u00e9xico est\u00e1 de moda\u00bb y listo para recibir a visitantes nacionales e internacionales pese a la reciente o<strong>la de violencia<\/strong>\u00a0desatada por la muerte de\u00a0<strong>Nemesio Oseguera Cervantes, alias &#8216;El Mencho&#8217;<\/strong>, l\u00edder del\u00a0<strong>Cartel Jalisco Nueva Generaci\u00f3n<\/strong>\u00a0(CJNG).<\/p>\n<p>Sheinbaum expres\u00f3 su agradecimiento al presidente de la FIFA,\u00a0<strong>Gianni Infantino<\/strong>, luego de que el mi\u00e9rcoles declarara que no habr\u00e1 cambios en las\u00a0<strong>sedes previstas\u00a0<\/strong>y que M\u00e9xico mantiene su lugar como\u00a0<strong>anfitri\u00f3n del torneo<\/strong>. Mencion\u00f3 que su Gobierno ha estado en contacto con Infantino \u00abexplic\u00e1ndole que no hay ning\u00fan problema\u00bb.<\/p>\n<p>Ante la ola violenta, Sheinbaum recapitul\u00f3 que ayer el presidente de la FIFA confirm\u00f3 que M\u00e9xico sigue siendo sede del Mundial, junto con\u00a0<strong>Estados Unidos y Canad\u00e1<\/strong>. \u00abLa sede es M\u00e9xico. Sus sedes son las que son y no hay ning\u00fan cambio\u00bb, enfatiz\u00f3.<\/p>\n<p>La mandataria reiter\u00f3 que M\u00e9xico est\u00e1 preparado para recibir a millones de visitantes y asegur\u00f3 que el Mundial 2026 ser\u00e1 una oportunidad para mostrar al mundo la\u00a0<strong>capacidad organizativa y hospitalidad del pa\u00eds<\/strong>.<\/p>\n<p>&nbsp;<\/p>\n","protected":false},"excerpt":{"rendered":"<p>SHEINBAUM REAFIRMA QUE M\u00c9XICO SER\u00c1 \u00abSEDE\u00bb DEL MUNDIAL TRAS RESPALDO DE LA FIFA La\u00a0presidenta de M\u00e9xico, Claudia Sheinbaum, agradeci\u00f3 este jueves a la\u00a0FIFA\u00a0por ratificar que M\u00e9xico seguir\u00e1 como sede del\u00a0Mundial de F\u00fatbol 2026, a la vez que remarc\u00f3 que \u00abM\u00e9xico est\u00e1 de moda\u00bb y listo para recibir a visitantes nacionales e internacionales pese a la [&hellip;]<\/p>\n","protected":false},"author":1,"featured_media":6089,"comment_status":"open","ping_status":"open","sticky":false,"template":"","format":"standard","meta":{"footnotes":""},"categories":[4,3],"tags":[],"class_list":["post-6088","post","type-post","status-publish","format-standard","has-post-thumbnail","hentry","category-noticias","category-politica"],"_links":{"self":[{"href":"https:\/\/trabucoradio.com\/home\/index.php?rest_route=\/wp\/v2\/posts\/6088","targetHints":{"allow":["GET"]}}],"collection":[{"href":"https:\/\/trabucoradio.com\/home\/index.php?rest_route=\/wp\/v2\/posts"}],"about":[{"href":"https:\/\/trabucoradio.com\/home\/index.php?rest_route=\/wp\/v2\/types\/post"}],"author":[{"embeddable":true,"href":"https:\/\/trabucoradio.com\/home\/index.php?rest_route=\/wp\/v2\/users\/1"}],"replies":[{"embeddable":true,"href":"https:\/\/trabucoradio.com\/home\/index.php?rest_route=%2Fwp%2Fv2%2Fcomments&post=6088"}],"version-history":[{"count":1,"href":"https:\/\/trabucoradio.com\/home\/index.php?rest_route=\/wp\/v2\/posts\/6088\/revisions"}],"predecessor-version":[{"id":6090,"href":"https:\/\/trabucoradio.com\/home\/index.php?rest_route=\/wp\/v2\/posts\/6088\/revisions\/6090"}],"wp:featuredmedia":[{"embeddable":true,"href":"https:\/\/trabucoradio.com\/home\/index.php?rest_route=\/wp\/v2\/media\/6089"}],"wp:attachment":[{"href":"https:\/\/trabucoradio.com\/home\/index.php?rest_route=%2Fwp%2Fv2%2Fmedia&parent=6088"}],"wp:term":[{"taxonomy":"category","embeddable":true,"href":"https:\/\/trabucoradio.com\/home\/index.php?rest_route=%2Fwp%2Fv2%2Fcategories&post=6088"},{"taxonomy":"post_tag","embeddable":true,"href":"https:\/\/trabucoradio.com\/home\/index.php?rest_route=%2Fwp%2Fv2%2Ftags&post=6088"}],"curies":[{"name":"wp","href":"https:\/\/api.w.org\/{rel}","templated":true}]}}