{"id":5812,"date":"2026-02-04T09:42:25","date_gmt":"2026-02-04T15:42:25","guid":{"rendered":"https:\/\/trabucoradio.com\/home\/?p=5812"},"modified":"2026-02-04T09:42:25","modified_gmt":"2026-02-04T15:42:25","slug":"mexico-colaborara-con-ee-uu-si-pide-apoyo-en-el-caso-epstein-sheinbaum","status":"publish","type":"post","link":"https:\/\/trabucoradio.com\/home\/?p=5812","title":{"rendered":"M\u00c9XICO COLABORAR\u00c1 CON EE.UU. SI PIDE APOYO EN EL CASO EPSTEIN: SHEINBAUM"},"content":{"rendered":"<p><strong>M\u00c9XICO COLABORAR\u00c1 CON EE.UU. SI PIDE APOYO EN EL CASO EPSTEIN: SHEINBAUM<\/strong><\/p>\n<p>La presidenta\u00a0<strong>Claudia Sheinbaum<\/strong>\u00a0afirm\u00f3 este mi\u00e9rcoles que una eventual participaci\u00f3n de su Gobierno en la\u00a0<strong>investigaci\u00f3n<\/strong>\u00a0relacionada con los archivos del pederasta\u00a0<strong>Jeffrey Epstein<\/strong>\u00a0depender\u00e1 de una solicitud formal de las autoridades de\u00a0<strong>Estados Unidos<\/strong>, ante la aparici\u00f3n de nombres de figuras pol\u00edticas, empresariales y p\u00fablicas de distintos pa\u00edses.<\/p>\n<p>Las declaraciones se producen en medio de una renovada atenci\u00f3n p\u00fablica sobre los documentos vinculados a Epstein, l\u00edder de una red de\u00a0<strong>explotaci\u00f3n sexual<\/strong>\u00a0<strong>de menores<\/strong>\u00a0y quien muri\u00f3 en prisi\u00f3n en 2019 mientras enfrentaba cargos federales.<\/p>\n<p>En las listas han aparecido nombres de empresarios mexicanos como\u00a0<strong>Ricardo Salinas Pliego<\/strong>,\u00a0<strong>Carlos Slim<\/strong>, Mar\u00eda Asunci\u00f3n Aramburuzabala y Paula Cussi, viuda de\u00a0<strong>Emilio Azc\u00e1rraga Milmo<\/strong>, aunque seg\u00fan han se\u00f1alado las autoridades, ser mencionado en los expedientes no significa que las personas hayan cometido alg\u00fan delito<\/p>\n<p>Sheinbaum no mencion\u00f3 si existe una solicitud oficial por parte del Dep<strong>artamento de Justicia de Estados Unidos<\/strong>\u00a0para que\u00a0<strong>M\u00e9xico<\/strong>\u00a0colabore en las indagatorias y tampoco se refiri\u00f3 a nombres espec\u00edficos ni a posibles investigaciones internas.<\/p>\n<p>&nbsp;<\/p>\n","protected":false},"excerpt":{"rendered":"<p>M\u00c9XICO COLABORAR\u00c1 CON EE.UU. SI PIDE APOYO EN EL CASO EPSTEIN: SHEINBAUM La presidenta\u00a0Claudia Sheinbaum\u00a0afirm\u00f3 este mi\u00e9rcoles que una eventual participaci\u00f3n de su Gobierno en la\u00a0investigaci\u00f3n\u00a0relacionada con los archivos del pederasta\u00a0Jeffrey Epstein\u00a0depender\u00e1 de una solicitud formal de las autoridades de\u00a0Estados Unidos, ante la aparici\u00f3n de nombres de figuras pol\u00edticas, empresariales y p\u00fablicas de distintos pa\u00edses. [&hellip;]<\/p>\n","protected":false},"author":1,"featured_media":5813,"comment_status":"open","ping_status":"open","sticky":false,"template":"","format":"standard","meta":{"footnotes":""},"categories":[4,3],"tags":[],"class_list":["post-5812","post","type-post","status-publish","format-standard","has-post-thumbnail","hentry","category-noticias","category-politica"],"_links":{"self":[{"href":"https:\/\/trabucoradio.com\/home\/index.php?rest_route=\/wp\/v2\/posts\/5812","targetHints":{"allow":["GET"]}}],"collection":[{"href":"https:\/\/trabucoradio.com\/home\/index.php?rest_route=\/wp\/v2\/posts"}],"about":[{"href":"https:\/\/trabucoradio.com\/home\/index.php?rest_route=\/wp\/v2\/types\/post"}],"author":[{"embeddable":true,"href":"https:\/\/trabucoradio.com\/home\/index.php?rest_route=\/wp\/v2\/users\/1"}],"replies":[{"embeddable":true,"href":"https:\/\/trabucoradio.com\/home\/index.php?rest_route=%2Fwp%2Fv2%2Fcomments&post=5812"}],"version-history":[{"count":1,"href":"https:\/\/trabucoradio.com\/home\/index.php?rest_route=\/wp\/v2\/posts\/5812\/revisions"}],"predecessor-version":[{"id":5814,"href":"https:\/\/trabucoradio.com\/home\/index.php?rest_route=\/wp\/v2\/posts\/5812\/revisions\/5814"}],"wp:featuredmedia":[{"embeddable":true,"href":"https:\/\/trabucoradio.com\/home\/index.php?rest_route=\/wp\/v2\/media\/5813"}],"wp:attachment":[{"href":"https:\/\/trabucoradio.com\/home\/index.php?rest_route=%2Fwp%2Fv2%2Fmedia&parent=5812"}],"wp:term":[{"taxonomy":"category","embeddable":true,"href":"https:\/\/trabucoradio.com\/home\/index.php?rest_route=%2Fwp%2Fv2%2Fcategories&post=5812"},{"taxonomy":"post_tag","embeddable":true,"href":"https:\/\/trabucoradio.com\/home\/index.php?rest_route=%2Fwp%2Fv2%2Ftags&post=5812"}],"curies":[{"name":"wp","href":"https:\/\/api.w.org\/{rel}","templated":true}]}}