{"id":5784,"date":"2026-01-29T09:00:55","date_gmt":"2026-01-29T15:00:55","guid":{"rendered":"https:\/\/trabucoradio.com\/home\/?p=5784"},"modified":"2026-01-29T09:00:55","modified_gmt":"2026-01-29T15:00:55","slug":"tren-maya-comienza-en-europa-la-venta-internacional-de-boletos","status":"publish","type":"post","link":"https:\/\/trabucoradio.com\/home\/?p=5784","title":{"rendered":"TREN MAYA COMIENZA EN EUROPA LA VENTA INTERNACIONAL DE BOLETOS"},"content":{"rendered":"<p><strong>TREN MAYA COMIENZA EN EUROPA LA VENTA INTERNACIONAL DE BOLETOS<\/strong><\/p>\n<p>El\u00a0<strong>Tren Maya<\/strong>, el megaproyecto ferroviario del\u00a0<strong>sureste mexicano<\/strong>, comenzar\u00e1 el 1 de febrero la\u00a0<strong>venta de boletos<\/strong>\u00a0en\u00a0<strong>Europa<\/strong>, a trav\u00e9s de la\u00a0<strong>plataforma de transporte Flix<\/strong>, seg\u00fan anunci\u00f3 la\u00a0<strong>Secretar\u00eda de Turismo<\/strong>.<\/p>\n<p>Hasta ahora, el Tren Maya solo comercializaba billetes en\u00a0<strong>M\u00e9xico<\/strong>, y ahora, con esta alianza, abrir\u00e1 por primera vez su\u00a0<strong>venta internacional<\/strong>\u00a0en el mercado europeo, destac\u00f3 Turismo, en un comunicado.<\/p>\n<p>La titular de Turismo, Josefina Rodr\u00edguez Zamora, explic\u00f3 que la venta de boletos se realizar\u00e1 a trav\u00e9s de los canales digitales y puntos de venta de la plataforma Flix, con viajes disponibles a partir del pr\u00f3ximo 1 de febrero. Resalt\u00f3 que esta alianza permitir\u00e1 a\u00a0<strong>viajeros internacionales<\/strong>\u00a0organizar con mayor anticipaci\u00f3n sus recorridos por el sureste mexicano.<\/p>\n<p>Por su parte, el director general del Tren Maya, \u00d3scar David Lozano, se\u00f1al\u00f3 que la alianza tambi\u00e9n busca redistribuir el flujo tur\u00edstico hacia comunidades locales y fortalecer el\u00a0<strong>turismo comunitario<\/strong>.<\/p>\n","protected":false},"excerpt":{"rendered":"<p>TREN MAYA COMIENZA EN EUROPA LA VENTA INTERNACIONAL DE BOLETOS El\u00a0Tren Maya, el megaproyecto ferroviario del\u00a0sureste mexicano, comenzar\u00e1 el 1 de febrero la\u00a0venta de boletos\u00a0en\u00a0Europa, a trav\u00e9s de la\u00a0plataforma de transporte Flix, seg\u00fan anunci\u00f3 la\u00a0Secretar\u00eda de Turismo. Hasta ahora, el Tren Maya solo comercializaba billetes en\u00a0M\u00e9xico, y ahora, con esta alianza, abrir\u00e1 por primera vez [&hellip;]<\/p>\n","protected":false},"author":1,"featured_media":5785,"comment_status":"open","ping_status":"open","sticky":false,"template":"","format":"standard","meta":{"footnotes":""},"categories":[4],"tags":[],"class_list":["post-5784","post","type-post","status-publish","format-standard","has-post-thumbnail","hentry","category-noticias"],"_links":{"self":[{"href":"https:\/\/trabucoradio.com\/home\/index.php?rest_route=\/wp\/v2\/posts\/5784","targetHints":{"allow":["GET"]}}],"collection":[{"href":"https:\/\/trabucoradio.com\/home\/index.php?rest_route=\/wp\/v2\/posts"}],"about":[{"href":"https:\/\/trabucoradio.com\/home\/index.php?rest_route=\/wp\/v2\/types\/post"}],"author":[{"embeddable":true,"href":"https:\/\/trabucoradio.com\/home\/index.php?rest_route=\/wp\/v2\/users\/1"}],"replies":[{"embeddable":true,"href":"https:\/\/trabucoradio.com\/home\/index.php?rest_route=%2Fwp%2Fv2%2Fcomments&post=5784"}],"version-history":[{"count":1,"href":"https:\/\/trabucoradio.com\/home\/index.php?rest_route=\/wp\/v2\/posts\/5784\/revisions"}],"predecessor-version":[{"id":5786,"href":"https:\/\/trabucoradio.com\/home\/index.php?rest_route=\/wp\/v2\/posts\/5784\/revisions\/5786"}],"wp:featuredmedia":[{"embeddable":true,"href":"https:\/\/trabucoradio.com\/home\/index.php?rest_route=\/wp\/v2\/media\/5785"}],"wp:attachment":[{"href":"https:\/\/trabucoradio.com\/home\/index.php?rest_route=%2Fwp%2Fv2%2Fmedia&parent=5784"}],"wp:term":[{"taxonomy":"category","embeddable":true,"href":"https:\/\/trabucoradio.com\/home\/index.php?rest_route=%2Fwp%2Fv2%2Fcategories&post=5784"},{"taxonomy":"post_tag","embeddable":true,"href":"https:\/\/trabucoradio.com\/home\/index.php?rest_route=%2Fwp%2Fv2%2Ftags&post=5784"}],"curies":[{"name":"wp","href":"https:\/\/api.w.org\/{rel}","templated":true}]}}