{"id":5781,"date":"2026-01-29T08:54:12","date_gmt":"2026-01-29T14:54:12","guid":{"rendered":"https:\/\/trabucoradio.com\/home\/?p=5781"},"modified":"2026-01-29T08:54:12","modified_gmt":"2026-01-29T14:54:12","slug":"secuestran-a-10-empleados-de-minera-canadiense-en-sinaloa","status":"publish","type":"post","link":"https:\/\/trabucoradio.com\/home\/?p=5781","title":{"rendered":"SECUESTRAN A 10 EMPLEADOS DE MINERA CANADIENSE EN SINALOA"},"content":{"rendered":"<p><strong>SECUESTRAN A 10 EMPLEADOS DE MINERA CANADIENSE EN SINALOA<\/strong><\/p>\n<p><strong>Diez empleados<\/strong>\u00a0de una\u00a0<strong>empresa minera canadiense<\/strong>\u00a0fueron\u00a0<strong>secuestrados<\/strong>\u00a0desde hace cinco d\u00edas en Sinaloa, seg\u00fan report\u00f3 la\u00a0<strong>Asociaci\u00f3n de Ingenieros de Minas<\/strong>,\u00a0<strong>Metalurgistas y Ge\u00f3logos de M\u00e9xico<\/strong>\u00a0(AIMMGM) en\u00a0<strong>redes sociales<\/strong>.<\/p>\n<p>Los hechos ocurrieron el viernes 23 de enero, cuando un\u00a0<strong>comando armado<\/strong>\u00a0irrumpi\u00f3 en el\u00a0<strong>fraccionamiento La Clementina<\/strong>, donde se alojaban los trabajadores, y los priv\u00f3 de la libertad, seg\u00fan informes de medios locales que citan testimonios de familiares y testigos.<\/p>\n<p>Las v\u00edctimas son\u00a0<strong>ingenieros y personal t\u00e9cnico<\/strong>\u00a0que laboran para la minera canadiense\u00a0<strong>Vizsla Silver<\/strong>, de acuerdo con los reportes.<\/p>\n<p>La asociaci\u00f3n hizo un llamado a las autoridades a actuar con prontitud y coordinar acciones que permitan el regreso seguro de los trabajadores.<\/p>\n","protected":false},"excerpt":{"rendered":"<p>SECUESTRAN A 10 EMPLEADOS DE MINERA CANADIENSE EN SINALOA Diez empleados\u00a0de una\u00a0empresa minera canadiense\u00a0fueron\u00a0secuestrados\u00a0desde hace cinco d\u00edas en Sinaloa, seg\u00fan report\u00f3 la\u00a0Asociaci\u00f3n de Ingenieros de Minas,\u00a0Metalurgistas y Ge\u00f3logos de M\u00e9xico\u00a0(AIMMGM) en\u00a0redes sociales. Los hechos ocurrieron el viernes 23 de enero, cuando un\u00a0comando armado\u00a0irrumpi\u00f3 en el\u00a0fraccionamiento La Clementina, donde se alojaban los trabajadores, y los priv\u00f3 [&hellip;]<\/p>\n","protected":false},"author":1,"featured_media":5782,"comment_status":"open","ping_status":"open","sticky":false,"template":"","format":"standard","meta":{"footnotes":""},"categories":[4],"tags":[],"class_list":["post-5781","post","type-post","status-publish","format-standard","has-post-thumbnail","hentry","category-noticias"],"_links":{"self":[{"href":"https:\/\/trabucoradio.com\/home\/index.php?rest_route=\/wp\/v2\/posts\/5781","targetHints":{"allow":["GET"]}}],"collection":[{"href":"https:\/\/trabucoradio.com\/home\/index.php?rest_route=\/wp\/v2\/posts"}],"about":[{"href":"https:\/\/trabucoradio.com\/home\/index.php?rest_route=\/wp\/v2\/types\/post"}],"author":[{"embeddable":true,"href":"https:\/\/trabucoradio.com\/home\/index.php?rest_route=\/wp\/v2\/users\/1"}],"replies":[{"embeddable":true,"href":"https:\/\/trabucoradio.com\/home\/index.php?rest_route=%2Fwp%2Fv2%2Fcomments&post=5781"}],"version-history":[{"count":1,"href":"https:\/\/trabucoradio.com\/home\/index.php?rest_route=\/wp\/v2\/posts\/5781\/revisions"}],"predecessor-version":[{"id":5783,"href":"https:\/\/trabucoradio.com\/home\/index.php?rest_route=\/wp\/v2\/posts\/5781\/revisions\/5783"}],"wp:featuredmedia":[{"embeddable":true,"href":"https:\/\/trabucoradio.com\/home\/index.php?rest_route=\/wp\/v2\/media\/5782"}],"wp:attachment":[{"href":"https:\/\/trabucoradio.com\/home\/index.php?rest_route=%2Fwp%2Fv2%2Fmedia&parent=5781"}],"wp:term":[{"taxonomy":"category","embeddable":true,"href":"https:\/\/trabucoradio.com\/home\/index.php?rest_route=%2Fwp%2Fv2%2Fcategories&post=5781"},{"taxonomy":"post_tag","embeddable":true,"href":"https:\/\/trabucoradio.com\/home\/index.php?rest_route=%2Fwp%2Fv2%2Ftags&post=5781"}],"curies":[{"name":"wp","href":"https:\/\/api.w.org\/{rel}","templated":true}]}}