{"id":5772,"date":"2026-01-28T15:13:15","date_gmt":"2026-01-28T21:13:15","guid":{"rendered":"https:\/\/trabucoradio.com\/home\/?p=5772"},"modified":"2026-01-28T15:13:15","modified_gmt":"2026-01-28T21:13:15","slug":"detienen-a-despachador-del-tren-interoceanico-por-homicidio-doloso-no-tenia-licencia-vigente","status":"publish","type":"post","link":"https:\/\/trabucoradio.com\/home\/?p=5772","title":{"rendered":"DETIENEN A DESPACHADOR DEL TREN INTEROCE\u00c1NICO POR HOMICIDIO DOLOSO; NO TEN\u00cdA LICENCIA VIGENTE"},"content":{"rendered":"<p><strong>DETIENEN A DESPACHADOR DEL TREN INTEROCE\u00c1NICO POR HOMICIDIO DOLOSO; NO TEN\u00cdA LICENCIA VIGENTE<\/strong><\/p>\n<p>La Fiscal\u00eda General de la Rep\u00fablica (FGR) cumpliment\u00f3 la\u00a0<strong>detenci\u00f3n de Ricardo \u201cN\u201d, despachador del Tren Interoce\u00e1nico<\/strong>\u00a0cuyo descarrilamiento dej\u00f3 14 fallecidos el pasado 28 de diciembre en Oaxaca.<\/p>\n<p>La FGR argument\u00f3 que el sospechoso\u00a0<strong>no ten\u00eda vigente su licencia ferroviaria al momento del accidente\u00a0<\/strong>del 28 de diciembre<strong>,<\/strong>\u00a0por lo cual el agente del Ministerio P\u00fablico Federal lo imputa por su presunta responsabilidad en los delitos de homicidio culposo y lesiones culposas.<\/p>\n<p>De acuerdo con el Registro Nacional de Detenciones, Ricardo \u201cN\u201d fue\u00a0<strong>detenido el lunes 26 de enero\u00a0<\/strong>por elementos de la Agencia de Investigaci\u00f3n Criminal de la FGR\u00a0<strong>en Coatzacoalcos, Veracruz\u00a0<\/strong>y trasladado al Centro de Justicia Penal Federal con sede en Cintalapa, Chiapas.<\/p>\n<p>Cabe mencionar que por el descarrilamiento tambi\u00e9n fue detenido Felipe &#8216;N&#8217;, maquinista del Tren Interoce\u00e1nico y quien enfrenta cargos por\u00a0homicidio culposo y lesiones culposas. El detenido fue trasladado a las instalaciones de la FGR en Tuxtla Guti\u00e9rrez, Chiapas.<\/p>\n","protected":false},"excerpt":{"rendered":"<p>DETIENEN A DESPACHADOR DEL TREN INTEROCE\u00c1NICO POR HOMICIDIO DOLOSO; NO TEN\u00cdA LICENCIA VIGENTE La Fiscal\u00eda General de la Rep\u00fablica (FGR) cumpliment\u00f3 la\u00a0detenci\u00f3n de Ricardo \u201cN\u201d, despachador del Tren Interoce\u00e1nico\u00a0cuyo descarrilamiento dej\u00f3 14 fallecidos el pasado 28 de diciembre en Oaxaca. La FGR argument\u00f3 que el sospechoso\u00a0no ten\u00eda vigente su licencia ferroviaria al momento del accidente\u00a0del [&hellip;]<\/p>\n","protected":false},"author":1,"featured_media":5773,"comment_status":"open","ping_status":"open","sticky":false,"template":"","format":"standard","meta":{"footnotes":""},"categories":[4],"tags":[],"class_list":["post-5772","post","type-post","status-publish","format-standard","has-post-thumbnail","hentry","category-noticias"],"_links":{"self":[{"href":"https:\/\/trabucoradio.com\/home\/index.php?rest_route=\/wp\/v2\/posts\/5772","targetHints":{"allow":["GET"]}}],"collection":[{"href":"https:\/\/trabucoradio.com\/home\/index.php?rest_route=\/wp\/v2\/posts"}],"about":[{"href":"https:\/\/trabucoradio.com\/home\/index.php?rest_route=\/wp\/v2\/types\/post"}],"author":[{"embeddable":true,"href":"https:\/\/trabucoradio.com\/home\/index.php?rest_route=\/wp\/v2\/users\/1"}],"replies":[{"embeddable":true,"href":"https:\/\/trabucoradio.com\/home\/index.php?rest_route=%2Fwp%2Fv2%2Fcomments&post=5772"}],"version-history":[{"count":1,"href":"https:\/\/trabucoradio.com\/home\/index.php?rest_route=\/wp\/v2\/posts\/5772\/revisions"}],"predecessor-version":[{"id":5774,"href":"https:\/\/trabucoradio.com\/home\/index.php?rest_route=\/wp\/v2\/posts\/5772\/revisions\/5774"}],"wp:featuredmedia":[{"embeddable":true,"href":"https:\/\/trabucoradio.com\/home\/index.php?rest_route=\/wp\/v2\/media\/5773"}],"wp:attachment":[{"href":"https:\/\/trabucoradio.com\/home\/index.php?rest_route=%2Fwp%2Fv2%2Fmedia&parent=5772"}],"wp:term":[{"taxonomy":"category","embeddable":true,"href":"https:\/\/trabucoradio.com\/home\/index.php?rest_route=%2Fwp%2Fv2%2Fcategories&post=5772"},{"taxonomy":"post_tag","embeddable":true,"href":"https:\/\/trabucoradio.com\/home\/index.php?rest_route=%2Fwp%2Fv2%2Ftags&post=5772"}],"curies":[{"name":"wp","href":"https:\/\/api.w.org\/{rel}","templated":true}]}}