{"id":5769,"date":"2026-01-28T15:10:25","date_gmt":"2026-01-28T21:10:25","guid":{"rendered":"https:\/\/trabucoradio.com\/home\/?p=5769"},"modified":"2026-01-28T15:10:25","modified_gmt":"2026-01-28T21:10:25","slug":"cambio-climatico-ya-es-una-realidad-en-tabasco-senala-semades","status":"publish","type":"post","link":"https:\/\/trabucoradio.com\/home\/?p=5769","title":{"rendered":"CAMBIO CLIM\u00c1TICO YA ES UNA REALIDAD EN TABASCO, SE\u00d1ALA SEMADES"},"content":{"rendered":"<p><strong>CAMBIO CLIM\u00c1TICO YA ES UNA REALIDAD EN TABASCO, SE\u00d1ALA SEMADES<\/strong><\/p>\n<p><strong>La Secretar\u00eda de Medio Ambiente y Desarrollo Sostenible (SEMADES) y el Congreso de Tabasco, organizaron el foro \u00abvoces ciudadanas: \u00bfc\u00f3mo reducir el CO2?\u00bb p<\/strong>ara recopilar\u00a0<strong>propuestas<\/strong>\u00a0que\u00a0<strong>favorezcan<\/strong>\u00a0la\u00a0<strong>reducci\u00f3n<\/strong>\u00a0de\u00a0<strong>efectos<\/strong>\u00a0de\u00a0<strong>gases<\/strong>\u00a0<strong>invernadero<\/strong>\u00a0en la entidad.<\/p>\n<p>La titular de la SEMADES Sheila Cadena Nieto, se\u00f1al\u00f3 que el\u00a0<strong>cambio clim\u00e1tico ya es una realidad en Tabasco<\/strong>, al recordar que la comunidad de\u00a0<strong>El Bosque, en Centla, se convirti\u00f3 en la primera localidad desplazada en M\u00e9xico por este problema.<\/strong><\/p>\n<p>\u00abEl calentamiento global dej\u00f3 de ser una advertencia, para ser una realidad visible y tangible en Tabasco y el pa\u00eds\u00bb.<\/p>\n<p>Sostuvo que\u00a0<strong>Tabasco enfrenta un reto importante en materia de emisiones de di\u00f3xido de carbono<\/strong>, ya que el sector energ\u00e9tico y productiva\u00a0es uno de los principales contribuyentes a las emisiones.<\/p>\n<p>Al hacer un llamado a la acci\u00f3n, Cadena Nieto se\u00f1al\u00f3 que las\u00a0<strong>propuestas<\/strong>\u00a0recibidas en las mesas de di\u00e1logo que se realizan en todos los municipios,\u00a0<strong>ser\u00e1n contempladas en la agenda ambiental de Tabasco para un desarrollo m\u00e1s sustentable y responsable frente al cambio clim\u00e1tico.<\/strong><\/p>\n","protected":false},"excerpt":{"rendered":"<p>CAMBIO CLIM\u00c1TICO YA ES UNA REALIDAD EN TABASCO, SE\u00d1ALA SEMADES La Secretar\u00eda de Medio Ambiente y Desarrollo Sostenible (SEMADES) y el Congreso de Tabasco, organizaron el foro \u00abvoces ciudadanas: \u00bfc\u00f3mo reducir el CO2?\u00bb para recopilar\u00a0propuestas\u00a0que\u00a0favorezcan\u00a0la\u00a0reducci\u00f3n\u00a0de\u00a0efectos\u00a0de\u00a0gases\u00a0invernadero\u00a0en la entidad. La titular de la SEMADES Sheila Cadena Nieto, se\u00f1al\u00f3 que el\u00a0cambio clim\u00e1tico ya es una realidad en Tabasco, [&hellip;]<\/p>\n","protected":false},"author":1,"featured_media":5770,"comment_status":"open","ping_status":"open","sticky":false,"template":"","format":"standard","meta":{"footnotes":""},"categories":[4],"tags":[],"class_list":["post-5769","post","type-post","status-publish","format-standard","has-post-thumbnail","hentry","category-noticias"],"_links":{"self":[{"href":"https:\/\/trabucoradio.com\/home\/index.php?rest_route=\/wp\/v2\/posts\/5769","targetHints":{"allow":["GET"]}}],"collection":[{"href":"https:\/\/trabucoradio.com\/home\/index.php?rest_route=\/wp\/v2\/posts"}],"about":[{"href":"https:\/\/trabucoradio.com\/home\/index.php?rest_route=\/wp\/v2\/types\/post"}],"author":[{"embeddable":true,"href":"https:\/\/trabucoradio.com\/home\/index.php?rest_route=\/wp\/v2\/users\/1"}],"replies":[{"embeddable":true,"href":"https:\/\/trabucoradio.com\/home\/index.php?rest_route=%2Fwp%2Fv2%2Fcomments&post=5769"}],"version-history":[{"count":1,"href":"https:\/\/trabucoradio.com\/home\/index.php?rest_route=\/wp\/v2\/posts\/5769\/revisions"}],"predecessor-version":[{"id":5771,"href":"https:\/\/trabucoradio.com\/home\/index.php?rest_route=\/wp\/v2\/posts\/5769\/revisions\/5771"}],"wp:featuredmedia":[{"embeddable":true,"href":"https:\/\/trabucoradio.com\/home\/index.php?rest_route=\/wp\/v2\/media\/5770"}],"wp:attachment":[{"href":"https:\/\/trabucoradio.com\/home\/index.php?rest_route=%2Fwp%2Fv2%2Fmedia&parent=5769"}],"wp:term":[{"taxonomy":"category","embeddable":true,"href":"https:\/\/trabucoradio.com\/home\/index.php?rest_route=%2Fwp%2Fv2%2Fcategories&post=5769"},{"taxonomy":"post_tag","embeddable":true,"href":"https:\/\/trabucoradio.com\/home\/index.php?rest_route=%2Fwp%2Fv2%2Ftags&post=5769"}],"curies":[{"name":"wp","href":"https:\/\/api.w.org\/{rel}","templated":true}]}}