{"id":5766,"date":"2026-01-28T15:08:09","date_gmt":"2026-01-28T21:08:09","guid":{"rendered":"https:\/\/trabucoradio.com\/home\/?p=5766"},"modified":"2026-01-28T15:08:09","modified_gmt":"2026-01-28T21:08:09","slug":"alerta-amarilla-para-tabasco-por-un-nuevo-frente-frio-el-fin-de-semana","status":"publish","type":"post","link":"https:\/\/trabucoradio.com\/home\/?p=5766","title":{"rendered":"ALERTA AMARILLA PARA TABASCO POR UN NUEVO FRENTE FR\u00cdO EL FIN DE SEMANA"},"content":{"rendered":"<p><strong>ALERTA AMARILLA PARA TABASCO POR UN NUEVO FRENTE FR\u00cdO EL FIN DE SEMANA<\/strong><\/p>\n<p>El Instituto de Protecci\u00f3n Civil\u00a0emiti\u00f3 una\u00a0Alerta Amarilla para el estado de Tabasco\u00a0ante la previsi\u00f3n de condiciones meteorol\u00f3gicas adversas duran<strong>te el fin de semana, principalmente el s\u00e1bado 31 de enero,<\/strong>\u00a0por el ingreso de un nuevo frente fr\u00edo, el n\u00famero 31.<\/p>\n<p>El nuevo fen\u00f3meno meteorol\u00f3gico\u00a0podr\u00eda\u00a0provocar incrementos en los niveles de r\u00edos serranos, encharcamientos y\u00a0<strong>afectaciones en zonas vulnerables del estado.<\/strong><\/p>\n<p>De acuerdo con el pron\u00f3stico\u00a0se espera un evento de \u201cNorte\u201d fuerte, acompa\u00f1ado de lluvias generales fuertes a muy fuertes, as\u00ed como lluvias intensas aisladas d<strong>e 75 a 150 mil\u00edmetros en la regi\u00f3n de La Sierra y la zona s<\/strong>errana de Huimanguillo.<\/p>\n<p>La autoridad alerta que tambi\u00e9n se prev\u00e9n aumentos en los niveles de los r\u00edos Pichucalco, Teapa, De la Sierra y Puyacatengo, en la subregi\u00f3n<strong>\u00a0Sierra, as\u00ed como en el r\u00edo Tulij\u00e1 y la zona baja del r\u00edo Puxcat\u00e1n,<\/strong>\u00a0en \u00e1reas de Macuspana y Pantanos.<\/p>\n<p>Tambi\u00e9n existe probabilidad de desbordamientos y formaci\u00f3n de vados carreteros durante la noche del s\u00e1bado, con afectaciones que podr\u00edan persistir el d\u00eda domingo, principalmente en\u00a0<strong>comunidades que ya resultaron afectadas por el Frente Fr\u00edo No. 30.<\/strong><\/p>\n","protected":false},"excerpt":{"rendered":"<p>ALERTA AMARILLA PARA TABASCO POR UN NUEVO FRENTE FR\u00cdO EL FIN DE SEMANA El Instituto de Protecci\u00f3n Civil\u00a0emiti\u00f3 una\u00a0Alerta Amarilla para el estado de Tabasco\u00a0ante la previsi\u00f3n de condiciones meteorol\u00f3gicas adversas durante el fin de semana, principalmente el s\u00e1bado 31 de enero,\u00a0por el ingreso de un nuevo frente fr\u00edo, el n\u00famero 31. El nuevo fen\u00f3meno [&hellip;]<\/p>\n","protected":false},"author":1,"featured_media":5767,"comment_status":"open","ping_status":"open","sticky":false,"template":"","format":"standard","meta":{"footnotes":""},"categories":[4],"tags":[],"class_list":["post-5766","post","type-post","status-publish","format-standard","has-post-thumbnail","hentry","category-noticias"],"_links":{"self":[{"href":"https:\/\/trabucoradio.com\/home\/index.php?rest_route=\/wp\/v2\/posts\/5766","targetHints":{"allow":["GET"]}}],"collection":[{"href":"https:\/\/trabucoradio.com\/home\/index.php?rest_route=\/wp\/v2\/posts"}],"about":[{"href":"https:\/\/trabucoradio.com\/home\/index.php?rest_route=\/wp\/v2\/types\/post"}],"author":[{"embeddable":true,"href":"https:\/\/trabucoradio.com\/home\/index.php?rest_route=\/wp\/v2\/users\/1"}],"replies":[{"embeddable":true,"href":"https:\/\/trabucoradio.com\/home\/index.php?rest_route=%2Fwp%2Fv2%2Fcomments&post=5766"}],"version-history":[{"count":1,"href":"https:\/\/trabucoradio.com\/home\/index.php?rest_route=\/wp\/v2\/posts\/5766\/revisions"}],"predecessor-version":[{"id":5768,"href":"https:\/\/trabucoradio.com\/home\/index.php?rest_route=\/wp\/v2\/posts\/5766\/revisions\/5768"}],"wp:featuredmedia":[{"embeddable":true,"href":"https:\/\/trabucoradio.com\/home\/index.php?rest_route=\/wp\/v2\/media\/5767"}],"wp:attachment":[{"href":"https:\/\/trabucoradio.com\/home\/index.php?rest_route=%2Fwp%2Fv2%2Fmedia&parent=5766"}],"wp:term":[{"taxonomy":"category","embeddable":true,"href":"https:\/\/trabucoradio.com\/home\/index.php?rest_route=%2Fwp%2Fv2%2Fcategories&post=5766"},{"taxonomy":"post_tag","embeddable":true,"href":"https:\/\/trabucoradio.com\/home\/index.php?rest_route=%2Fwp%2Fv2%2Ftags&post=5766"}],"curies":[{"name":"wp","href":"https:\/\/api.w.org\/{rel}","templated":true}]}}