{"id":5763,"date":"2026-01-28T15:05:49","date_gmt":"2026-01-28T21:05:49","guid":{"rendered":"https:\/\/trabucoradio.com\/home\/?p=5763"},"modified":"2026-01-28T15:05:49","modified_gmt":"2026-01-28T21:05:49","slug":"cardenas-tiene-flor-presenta-a-valeria-gallegos-rosique-como-su-embajadora","status":"publish","type":"post","link":"https:\/\/trabucoradio.com\/home\/?p=5763","title":{"rendered":"\u00a1C\u00c1RDENAS TIENE FLOR! PRESENTA A VALERIA GALLEGOS ROSIQUE COMO SU EMBAJADORA"},"content":{"rendered":"<p><strong>\u00a1C\u00c1RDENAS TIENE FLOR! PRESENTA A VALERIA GALLEGOS ROSIQUE COMO SU EMBAJADORA<\/strong><\/p>\n<p>El\u00a0Secretario del Ayuntamiento de C\u00e1rdenas,\u00a0Alfredo Torres Zambrano, en compa\u00f1\u00eda de la Directora del DIF C\u00e1rdenas, Sara Rodr\u00edguez Luna y la Titular de la Decur Municipal, Mar\u00eda Esther Valenzuela Pernas, hicieron el anuncio oficial de su\u00a0<strong>embajadora para la Feria Tabasco 2026.<\/strong><\/p>\n<p>Se trata de la bella\u00a0<strong>Valeria Gallegos Rosique, de 24 a\u00f1os de edad,<\/strong>\u00a0quien fue designada como la\u00a0representante del C\u00e1rdenas, que buscar\u00e1 otorgarle la cuarta\u00a0<strong>Flor de Oro\u00a0<\/strong>al\u00a0municipio de la Chontalpa.<\/p>\n<p>La\u00a0jovencita estuvo acompa\u00f1ada de sus padres, el Sr. H\u00e9ctor Hern\u00e1n Gallegos Noverola y la Sra. Dalel Rosique Escalante para recibir quienes a nombre del Gobierno Municipal realizaron la pedida oficial.<\/p>\n","protected":false},"excerpt":{"rendered":"<p>\u00a1C\u00c1RDENAS TIENE FLOR! PRESENTA A VALERIA GALLEGOS ROSIQUE COMO SU EMBAJADORA El\u00a0Secretario del Ayuntamiento de C\u00e1rdenas,\u00a0Alfredo Torres Zambrano, en compa\u00f1\u00eda de la Directora del DIF C\u00e1rdenas, Sara Rodr\u00edguez Luna y la Titular de la Decur Municipal, Mar\u00eda Esther Valenzuela Pernas, hicieron el anuncio oficial de su\u00a0embajadora para la Feria Tabasco 2026. Se trata de la [&hellip;]<\/p>\n","protected":false},"author":1,"featured_media":5764,"comment_status":"open","ping_status":"open","sticky":false,"template":"","format":"standard","meta":{"footnotes":""},"categories":[6,4],"tags":[],"class_list":["post-5763","post","type-post","status-publish","format-standard","has-post-thumbnail","hentry","category-conoce","category-noticias"],"_links":{"self":[{"href":"https:\/\/trabucoradio.com\/home\/index.php?rest_route=\/wp\/v2\/posts\/5763","targetHints":{"allow":["GET"]}}],"collection":[{"href":"https:\/\/trabucoradio.com\/home\/index.php?rest_route=\/wp\/v2\/posts"}],"about":[{"href":"https:\/\/trabucoradio.com\/home\/index.php?rest_route=\/wp\/v2\/types\/post"}],"author":[{"embeddable":true,"href":"https:\/\/trabucoradio.com\/home\/index.php?rest_route=\/wp\/v2\/users\/1"}],"replies":[{"embeddable":true,"href":"https:\/\/trabucoradio.com\/home\/index.php?rest_route=%2Fwp%2Fv2%2Fcomments&post=5763"}],"version-history":[{"count":1,"href":"https:\/\/trabucoradio.com\/home\/index.php?rest_route=\/wp\/v2\/posts\/5763\/revisions"}],"predecessor-version":[{"id":5765,"href":"https:\/\/trabucoradio.com\/home\/index.php?rest_route=\/wp\/v2\/posts\/5763\/revisions\/5765"}],"wp:featuredmedia":[{"embeddable":true,"href":"https:\/\/trabucoradio.com\/home\/index.php?rest_route=\/wp\/v2\/media\/5764"}],"wp:attachment":[{"href":"https:\/\/trabucoradio.com\/home\/index.php?rest_route=%2Fwp%2Fv2%2Fmedia&parent=5763"}],"wp:term":[{"taxonomy":"category","embeddable":true,"href":"https:\/\/trabucoradio.com\/home\/index.php?rest_route=%2Fwp%2Fv2%2Fcategories&post=5763"},{"taxonomy":"post_tag","embeddable":true,"href":"https:\/\/trabucoradio.com\/home\/index.php?rest_route=%2Fwp%2Fv2%2Ftags&post=5763"}],"curies":[{"name":"wp","href":"https:\/\/api.w.org\/{rel}","templated":true}]}}