{"id":5748,"date":"2026-01-28T09:16:00","date_gmt":"2026-01-28T15:16:00","guid":{"rendered":"https:\/\/trabucoradio.com\/home\/?p=5748"},"modified":"2026-01-28T09:16:00","modified_gmt":"2026-01-28T15:16:00","slug":"morena-permitira-la-reeleccion-en-2027-para-frenar-disputas-internas","status":"publish","type":"post","link":"https:\/\/trabucoradio.com\/home\/?p=5748","title":{"rendered":"MORENA PERMITIR\u00c1 LA REELECCI\u00d3N EN 2027 PARA FRENAR DISPUTAS INTERNAS"},"content":{"rendered":"<p><strong>MORENA PERMITIR\u00c1 LA REELECCI\u00d3N EN 2027 PARA FRENAR DISPUTAS INTERNAS<\/strong><\/p>\n<p><strong>Morena permitir\u00e1 la reelecci\u00f3n para todos los cargos de elecci\u00f3n popular en el proceso electoral de 202<\/strong>7, de acuerdo con fuentes del partido. La decisi\u00f3n busca ordenar la competencia interna y reducir las disputas entre grupos del oficialismo.<\/p>\n<p>Plante\u00f3 la presidenta nacional de Morena, Luisa Mar\u00eda Alcalde, esta medida el pasado fin de semana durante los trabajos de la Escuela Municipalista realizados en Oaxtepec, Morelos<strong>. En ese encuentro, se expuso la necesidad de establecer reglas claras rumbo a los pr\u00f3ximos comicios, con el fin de evitar conflictos internos y fortalecer la organizaci\u00f3n partidista.<\/strong><\/p>\n<p>Seg\u00fan con lo planteado, la reelecci\u00f3n no ser\u00e1 autom\u00e1tica. Morena mantendr\u00e1 la prohibici\u00f3n del nepotismo, una directriz ya definida por su Consejo Nacional,<strong>\u00a0y las candidaturas se determinar\u00e1n mediante encuestas internas, mecanismo que el partido ha utilizado en procesos anteriores para definir a sus abanderados.<\/strong><\/p>\n<p>Se detall\u00f3 que con este esquema, incluso quienes busquen reelegirse deber\u00e1n someterse al mismo m\u00e9todo de selecci\u00f3n que el resto de los aspirantes.\u00a0<strong>La dirigencia considera que este modelo permitir\u00e1 medir de manera objetiva el respaldo ciudadano y garantizar que las postulaciones respondan a la preferencia de la militancia y simpatizantes.<\/strong><\/p>\n","protected":false},"excerpt":{"rendered":"<p>MORENA PERMITIR\u00c1 LA REELECCI\u00d3N EN 2027 PARA FRENAR DISPUTAS INTERNAS Morena permitir\u00e1 la reelecci\u00f3n para todos los cargos de elecci\u00f3n popular en el proceso electoral de 2027, de acuerdo con fuentes del partido. La decisi\u00f3n busca ordenar la competencia interna y reducir las disputas entre grupos del oficialismo. Plante\u00f3 la presidenta nacional de Morena, Luisa [&hellip;]<\/p>\n","protected":false},"author":1,"featured_media":5749,"comment_status":"open","ping_status":"open","sticky":false,"template":"","format":"standard","meta":{"footnotes":""},"categories":[4,3],"tags":[],"class_list":["post-5748","post","type-post","status-publish","format-standard","has-post-thumbnail","hentry","category-noticias","category-politica"],"_links":{"self":[{"href":"https:\/\/trabucoradio.com\/home\/index.php?rest_route=\/wp\/v2\/posts\/5748","targetHints":{"allow":["GET"]}}],"collection":[{"href":"https:\/\/trabucoradio.com\/home\/index.php?rest_route=\/wp\/v2\/posts"}],"about":[{"href":"https:\/\/trabucoradio.com\/home\/index.php?rest_route=\/wp\/v2\/types\/post"}],"author":[{"embeddable":true,"href":"https:\/\/trabucoradio.com\/home\/index.php?rest_route=\/wp\/v2\/users\/1"}],"replies":[{"embeddable":true,"href":"https:\/\/trabucoradio.com\/home\/index.php?rest_route=%2Fwp%2Fv2%2Fcomments&post=5748"}],"version-history":[{"count":1,"href":"https:\/\/trabucoradio.com\/home\/index.php?rest_route=\/wp\/v2\/posts\/5748\/revisions"}],"predecessor-version":[{"id":5750,"href":"https:\/\/trabucoradio.com\/home\/index.php?rest_route=\/wp\/v2\/posts\/5748\/revisions\/5750"}],"wp:featuredmedia":[{"embeddable":true,"href":"https:\/\/trabucoradio.com\/home\/index.php?rest_route=\/wp\/v2\/media\/5749"}],"wp:attachment":[{"href":"https:\/\/trabucoradio.com\/home\/index.php?rest_route=%2Fwp%2Fv2%2Fmedia&parent=5748"}],"wp:term":[{"taxonomy":"category","embeddable":true,"href":"https:\/\/trabucoradio.com\/home\/index.php?rest_route=%2Fwp%2Fv2%2Fcategories&post=5748"},{"taxonomy":"post_tag","embeddable":true,"href":"https:\/\/trabucoradio.com\/home\/index.php?rest_route=%2Fwp%2Fv2%2Ftags&post=5748"}],"curies":[{"name":"wp","href":"https:\/\/api.w.org\/{rel}","templated":true}]}}