{"id":5735,"date":"2026-01-26T16:04:40","date_gmt":"2026-01-26T22:04:40","guid":{"rendered":"https:\/\/trabucoradio.com\/home\/?p=5735"},"modified":"2026-01-26T16:04:40","modified_gmt":"2026-01-26T22:04:40","slug":"primera-revocacion-de-mandato-en-oaxaca-59-votaron-por-que-siga-salomon-jara","status":"publish","type":"post","link":"https:\/\/trabucoradio.com\/home\/?p=5735","title":{"rendered":"PRIMERA REVOCACI\u00d3N DE MANDATO EN OAXACA: 59% VOTARON POR QUE SIGA SALOM\u00d3N JARA"},"content":{"rendered":"<p><strong>PRIMERA REVOCACI\u00d3N DE MANDATO EN OAXACA: 59% VOTARON POR QUE SIGA SALOM\u00d3N JARA<\/strong><\/p>\n<p><strong>Oaxaca<\/strong>\u00a0se convirti\u00f3 este domingo en el primer estado en realizar la\u00a0<strong>revocaci\u00f3n de mandato<\/strong>\u00a0sobre un\u00a0<strong>gobernador<\/strong>, en este caso, del morenista\u00a0<strong>Salom\u00f3n Jara Cruz<\/strong>.<\/p>\n<p>Durante la jornada en relaci\u00f3n a este ejercicio, el mandatario afirm\u00f3 ayer en la noche que la tendencia indicaba que el 58.31% de los participantes vot\u00f3 a favor de la continuidad de su gobierno, y de acuerdo con los recientes resultados, as\u00ed fue.<\/p>\n<p>Al corte a las 7:46 horas de este lunes, el 59.7 por ciento de los\u00a0<strong>votos emitidos<\/strong>\u00a0durante la consulta de revocaci\u00f3n de mandato van por la\u00a0<strong>continuidad de Jara Cruz<\/strong>, esto es, 494 mil 950 votos a favor; mientras que un 39.1% vot\u00f3 a favor de que se le\u00a0<strong>revoque el mandato<\/strong>\u00a0por p\u00e9rdida de confianza, es decir, 334 mil 287 votos, de acuerdo con el\u00a0<strong>Instituto Estatal Electoral y de Participaci\u00f3n Ciudadana de Oaxaca<\/strong>\u00a0(IEEPCO).<\/p>\n<p>Su reporte se\u00f1ala que lleva un 90.1% de las actas computadas y se han registrado\u00a0<strong>24 mil 427 votos<\/strong>\u00a0<strong>nulos<\/strong>, los que equivalen al 2.8% de los\u00a0<strong>sufragios<\/strong>.<\/p>\n","protected":false},"excerpt":{"rendered":"<p>PRIMERA REVOCACI\u00d3N DE MANDATO EN OAXACA: 59% VOTARON POR QUE SIGA SALOM\u00d3N JARA Oaxaca\u00a0se convirti\u00f3 este domingo en el primer estado en realizar la\u00a0revocaci\u00f3n de mandato\u00a0sobre un\u00a0gobernador, en este caso, del morenista\u00a0Salom\u00f3n Jara Cruz. Durante la jornada en relaci\u00f3n a este ejercicio, el mandatario afirm\u00f3 ayer en la noche que la tendencia indicaba que el [&hellip;]<\/p>\n","protected":false},"author":1,"featured_media":5736,"comment_status":"open","ping_status":"open","sticky":false,"template":"","format":"standard","meta":{"footnotes":""},"categories":[6,3],"tags":[],"class_list":["post-5735","post","type-post","status-publish","format-standard","has-post-thumbnail","hentry","category-conoce","category-politica"],"_links":{"self":[{"href":"https:\/\/trabucoradio.com\/home\/index.php?rest_route=\/wp\/v2\/posts\/5735","targetHints":{"allow":["GET"]}}],"collection":[{"href":"https:\/\/trabucoradio.com\/home\/index.php?rest_route=\/wp\/v2\/posts"}],"about":[{"href":"https:\/\/trabucoradio.com\/home\/index.php?rest_route=\/wp\/v2\/types\/post"}],"author":[{"embeddable":true,"href":"https:\/\/trabucoradio.com\/home\/index.php?rest_route=\/wp\/v2\/users\/1"}],"replies":[{"embeddable":true,"href":"https:\/\/trabucoradio.com\/home\/index.php?rest_route=%2Fwp%2Fv2%2Fcomments&post=5735"}],"version-history":[{"count":1,"href":"https:\/\/trabucoradio.com\/home\/index.php?rest_route=\/wp\/v2\/posts\/5735\/revisions"}],"predecessor-version":[{"id":5737,"href":"https:\/\/trabucoradio.com\/home\/index.php?rest_route=\/wp\/v2\/posts\/5735\/revisions\/5737"}],"wp:featuredmedia":[{"embeddable":true,"href":"https:\/\/trabucoradio.com\/home\/index.php?rest_route=\/wp\/v2\/media\/5736"}],"wp:attachment":[{"href":"https:\/\/trabucoradio.com\/home\/index.php?rest_route=%2Fwp%2Fv2%2Fmedia&parent=5735"}],"wp:term":[{"taxonomy":"category","embeddable":true,"href":"https:\/\/trabucoradio.com\/home\/index.php?rest_route=%2Fwp%2Fv2%2Fcategories&post=5735"},{"taxonomy":"post_tag","embeddable":true,"href":"https:\/\/trabucoradio.com\/home\/index.php?rest_route=%2Fwp%2Fv2%2Ftags&post=5735"}],"curies":[{"name":"wp","href":"https:\/\/api.w.org\/{rel}","templated":true}]}}