{"id":5729,"date":"2026-01-26T16:00:07","date_gmt":"2026-01-26T22:00:07","guid":{"rendered":"https:\/\/trabucoradio.com\/home\/?p=5729"},"modified":"2026-01-26T16:00:07","modified_gmt":"2026-01-26T22:00:07","slug":"arranca-el-27-de-enero-el-credito-porcino-a-la-palabra-en-centro","status":"publish","type":"post","link":"https:\/\/trabucoradio.com\/home\/?p=5729","title":{"rendered":"ARRANCA EL 27 DE ENERO EL \u00abCR\u00c9DITO PORCINO A LA PALABRA\u00bb EN CENTRO"},"content":{"rendered":"<p><strong>ARRANCA EL 27 DE ENERO EL \u00abCR\u00c9DITO PORCINO A LA PALABRA\u00bb EN CENTRO<\/strong><\/p>\n<p>El 27 de enero dar\u00e1 inicio el programa \u00abCr\u00e9dito Porcino a la Palabra\u00bb en el municipio de Centro.<\/p>\n<p>El anuncio fue realizado por el gobierno Javier May Rodr\u00edguez y Joaqu\u00edn Alejandro Ligonio, subsecretario de Ganader\u00eda, quien detall\u00f3 la mec\u00e1nica de operaci\u00f3n de este esquema de apoyo social.<\/p>\n<p>En esta primera etapa de arranque, se dispersar\u00e1 un total de 110 animales destinados espec\u00edficamente a la cr\u00eda y reproducci\u00f3n.<\/p>\n<p>El funcionario explic\u00f3 que el programa se organizar\u00e1 de la siguiente manera:<\/p>\n<ul>\n<li>Se conformar\u00e1n grupos de 10 mujeres.<\/li>\n<li>A cada integrante se le entregar\u00e1 una cerda.<\/li>\n<li>Dentro de cada grupo, se designar\u00e1 a una responsable que se encargar\u00e1 del cuidado y manutenci\u00f3n del semental.<\/li>\n<\/ul>\n<p>Se espera tener las primeras crias para retornar al programa en el mes de julio, y as\u00ed tener una nueva<\/p>\n<p>Aunque el banderazo de salida se realizar\u00e1 en la capital tabasque\u00f1a, Alejandro Ligonio subray\u00f3 que el programa no es exclusivo para Centro,\u00a0adelant\u00f3 que ya se est\u00e1 gestionando la compra de un lote adicional de 400 cerdas para llevar este cr\u00e9dito a otros municipios del estado.<\/p>\n","protected":false},"excerpt":{"rendered":"<p>ARRANCA EL 27 DE ENERO EL \u00abCR\u00c9DITO PORCINO A LA PALABRA\u00bb EN CENTRO El 27 de enero dar\u00e1 inicio el programa \u00abCr\u00e9dito Porcino a la Palabra\u00bb en el municipio de Centro. El anuncio fue realizado por el gobierno Javier May Rodr\u00edguez y Joaqu\u00edn Alejandro Ligonio, subsecretario de Ganader\u00eda, quien detall\u00f3 la mec\u00e1nica de operaci\u00f3n de [&hellip;]<\/p>\n","protected":false},"author":1,"featured_media":5730,"comment_status":"open","ping_status":"open","sticky":false,"template":"","format":"standard","meta":{"footnotes":""},"categories":[4],"tags":[],"class_list":["post-5729","post","type-post","status-publish","format-standard","has-post-thumbnail","hentry","category-noticias"],"_links":{"self":[{"href":"https:\/\/trabucoradio.com\/home\/index.php?rest_route=\/wp\/v2\/posts\/5729","targetHints":{"allow":["GET"]}}],"collection":[{"href":"https:\/\/trabucoradio.com\/home\/index.php?rest_route=\/wp\/v2\/posts"}],"about":[{"href":"https:\/\/trabucoradio.com\/home\/index.php?rest_route=\/wp\/v2\/types\/post"}],"author":[{"embeddable":true,"href":"https:\/\/trabucoradio.com\/home\/index.php?rest_route=\/wp\/v2\/users\/1"}],"replies":[{"embeddable":true,"href":"https:\/\/trabucoradio.com\/home\/index.php?rest_route=%2Fwp%2Fv2%2Fcomments&post=5729"}],"version-history":[{"count":1,"href":"https:\/\/trabucoradio.com\/home\/index.php?rest_route=\/wp\/v2\/posts\/5729\/revisions"}],"predecessor-version":[{"id":5731,"href":"https:\/\/trabucoradio.com\/home\/index.php?rest_route=\/wp\/v2\/posts\/5729\/revisions\/5731"}],"wp:featuredmedia":[{"embeddable":true,"href":"https:\/\/trabucoradio.com\/home\/index.php?rest_route=\/wp\/v2\/media\/5730"}],"wp:attachment":[{"href":"https:\/\/trabucoradio.com\/home\/index.php?rest_route=%2Fwp%2Fv2%2Fmedia&parent=5729"}],"wp:term":[{"taxonomy":"category","embeddable":true,"href":"https:\/\/trabucoradio.com\/home\/index.php?rest_route=%2Fwp%2Fv2%2Fcategories&post=5729"},{"taxonomy":"post_tag","embeddable":true,"href":"https:\/\/trabucoradio.com\/home\/index.php?rest_route=%2Fwp%2Fv2%2Ftags&post=5729"}],"curies":[{"name":"wp","href":"https:\/\/api.w.org\/{rel}","templated":true}]}}