{"id":5722,"date":"2026-01-26T15:54:19","date_gmt":"2026-01-26T21:54:19","guid":{"rendered":"https:\/\/trabucoradio.com\/home\/?p=5722"},"modified":"2026-01-26T15:54:19","modified_gmt":"2026-01-26T21:54:19","slug":"norona-critica-a-la-corte-por-devolver-camionetas-de-lujo-torpeza-inconmensurable","status":"publish","type":"post","link":"https:\/\/trabucoradio.com\/home\/?p=5722","title":{"rendered":"NORO\u00d1A CRITICA A LA CORTE POR DEVOLVER CAMIONETAS DE LUJO: \u201cTORPEZA INCONMENSURABLE\u201d"},"content":{"rendered":"<p><strong>NORO\u00d1A CRITICA A LA CORTE POR DEVOLVER CAMIONETAS DE LUJO: \u201cTORPEZA INCONMENSURABLE\u201d<\/strong><\/p>\n<p>El senador\u00a0<strong>Gerardo Fern\u00e1ndez Noro\u00f1a<\/strong>\u00a0critic\u00f3 la decisi\u00f3n de la S<strong>uprema Corte de Justicia de la Naci\u00f3n<\/strong>\u00a0(SCJN) de devolver las\u00a0<strong>camionetas<\/strong>\u00a0de lujo que hab\u00eda comprado para sus\u00a0<strong>ministros<\/strong>\u00a0por cuestiones de seguridad personal, calific\u00e1ndola de una \u201ctorpeza inconmensurable\u201d.<\/p>\n<p>En su video charla en\u00a0<strong>redes sociales<\/strong>, Fern\u00e1ndez Noro\u00f1a se\u00f1al\u00f3 que los ministros cambiaron de opini\u00f3n por la \u201cenorme\u201d presi\u00f3n de la\u00a0<strong>opini\u00f3n p\u00fablica<\/strong>, a causa de la narrativa de austeridad que ha difundido el partido\u00a0<strong>Morena<\/strong>.<\/p>\n<p>Refiri\u00f3 que fue \u201cun error\u201d el devolver las 9 camionetas, cuyo valor se estima en m\u00e1s de un mill\u00f3n de pesos el precio para cada unidad, asegurando que en esta nueva Corte, no hay ning\u00fan privilegio ni exceso, a diferencias de los anteriores ministros.<\/p>\n<p>Antes de estas declaraciones y en medio de la\u00a0<strong>pol\u00e9mica<\/strong>\u00a0por esta adquisici\u00f3n de la Suprema Corte, el senador ya hab\u00eda defendi\u00f3 y justificado la compra de los veh\u00edculos, argumentando que es una \u201cherramienta de trabajo\u201d para los ministros. \u201cNi modo que se vayan a pie, en Metro, que pidan avent\u00f3n\u201d, dijo en ese momento.<\/p>\n","protected":false},"excerpt":{"rendered":"<p>NORO\u00d1A CRITICA A LA CORTE POR DEVOLVER CAMIONETAS DE LUJO: \u201cTORPEZA INCONMENSURABLE\u201d El senador\u00a0Gerardo Fern\u00e1ndez Noro\u00f1a\u00a0critic\u00f3 la decisi\u00f3n de la Suprema Corte de Justicia de la Naci\u00f3n\u00a0(SCJN) de devolver las\u00a0camionetas\u00a0de lujo que hab\u00eda comprado para sus\u00a0ministros\u00a0por cuestiones de seguridad personal, calific\u00e1ndola de una \u201ctorpeza inconmensurable\u201d. En su video charla en\u00a0redes sociales, Fern\u00e1ndez Noro\u00f1a se\u00f1al\u00f3 que [&hellip;]<\/p>\n","protected":false},"author":1,"featured_media":5723,"comment_status":"open","ping_status":"open","sticky":false,"template":"","format":"standard","meta":{"footnotes":""},"categories":[3],"tags":[],"class_list":["post-5722","post","type-post","status-publish","format-standard","has-post-thumbnail","hentry","category-politica"],"_links":{"self":[{"href":"https:\/\/trabucoradio.com\/home\/index.php?rest_route=\/wp\/v2\/posts\/5722","targetHints":{"allow":["GET"]}}],"collection":[{"href":"https:\/\/trabucoradio.com\/home\/index.php?rest_route=\/wp\/v2\/posts"}],"about":[{"href":"https:\/\/trabucoradio.com\/home\/index.php?rest_route=\/wp\/v2\/types\/post"}],"author":[{"embeddable":true,"href":"https:\/\/trabucoradio.com\/home\/index.php?rest_route=\/wp\/v2\/users\/1"}],"replies":[{"embeddable":true,"href":"https:\/\/trabucoradio.com\/home\/index.php?rest_route=%2Fwp%2Fv2%2Fcomments&post=5722"}],"version-history":[{"count":1,"href":"https:\/\/trabucoradio.com\/home\/index.php?rest_route=\/wp\/v2\/posts\/5722\/revisions"}],"predecessor-version":[{"id":5724,"href":"https:\/\/trabucoradio.com\/home\/index.php?rest_route=\/wp\/v2\/posts\/5722\/revisions\/5724"}],"wp:featuredmedia":[{"embeddable":true,"href":"https:\/\/trabucoradio.com\/home\/index.php?rest_route=\/wp\/v2\/media\/5723"}],"wp:attachment":[{"href":"https:\/\/trabucoradio.com\/home\/index.php?rest_route=%2Fwp%2Fv2%2Fmedia&parent=5722"}],"wp:term":[{"taxonomy":"category","embeddable":true,"href":"https:\/\/trabucoradio.com\/home\/index.php?rest_route=%2Fwp%2Fv2%2Fcategories&post=5722"},{"taxonomy":"post_tag","embeddable":true,"href":"https:\/\/trabucoradio.com\/home\/index.php?rest_route=%2Fwp%2Fv2%2Ftags&post=5722"}],"curies":[{"name":"wp","href":"https:\/\/api.w.org\/{rel}","templated":true}]}}