{"id":5715,"date":"2026-01-19T10:59:47","date_gmt":"2026-01-19T16:59:47","guid":{"rendered":"https:\/\/trabucoradio.com\/home\/?p=5715"},"modified":"2026-01-19T10:59:47","modified_gmt":"2026-01-19T16:59:47","slug":"ya-no-me-siento-obligado-a-pensar-solo-en-paz-advierte-trump-al-no-ganar-el-nobel","status":"publish","type":"post","link":"https:\/\/trabucoradio.com\/home\/?p=5715","title":{"rendered":"\u00abYA NO ME SIENTO OBLIGADO A PENSAR SOLO EN PAZ\u00bb: ADVIERTE TRUMP AL NO GANAR EL NOBEL"},"content":{"rendered":"<p><strong>\u00abYA NO ME SIENTO OBLIGADO A PENSAR SOLO EN PAZ\u00bb: ADVIERTE TRUMP AL NO GANAR EL NOBEL<\/strong><\/p>\n<p>El presidente estadounidense,\u00a0<strong>Donald Trump<\/strong>, se\u00f1al\u00f3 este lunes en una carta al primer ministro noruego, Jonas Gahr, que despu\u00e9s de que\u00a0<strong>Noruega<\/strong>\u00a0no le concediera el\u00a0<strong>Nobel de la Paz<\/strong>\u00a0\u00abya no siente la obligaci\u00f3n de pensar \u00fanicamente en la paz\u00bb.<\/p>\n<p>El l\u00edder republicano vincul\u00f3 la amenaza expansionista de\u00a0<strong>Estados Unidos<\/strong>\u00a0sobre\u00a0<strong>Groenlandia<\/strong>\u00a0a no haber conseguido esa distinci\u00f3n. En su opini\u00f3n, \u00e9l ha hecho \u00abm\u00e1s por la OTAN que cualquier otra persona desde su creaci\u00f3n\u00bb.<\/p>\n<p>Al respecto, Trump ha insistido este lunes en que ha llegado el momento de \u00abeliminar\u00bb la \u00ab<strong>amenaza<\/strong>\u00a0<strong>rusa<\/strong>\u00bb de Groenlandia.<\/p>\n<p>El Comit\u00e9 Noruego del Nobel concedi\u00f3 su distinci\u00f3n de 2025 a la l\u00edder opositora venezolana\u00a0<strong>Mar\u00eda Corina Machado<\/strong>\u00a0\u00abpor su incansable labor en la promoci\u00f3n de los derechos democr\u00e1ticos del pueblo de\u00a0<strong>Venezuela<\/strong>\u00ab.<\/p>\n","protected":false},"excerpt":{"rendered":"<p>\u00abYA NO ME SIENTO OBLIGADO A PENSAR SOLO EN PAZ\u00bb: ADVIERTE TRUMP AL NO GANAR EL NOBEL El presidente estadounidense,\u00a0Donald Trump, se\u00f1al\u00f3 este lunes en una carta al primer ministro noruego, Jonas Gahr, que despu\u00e9s de que\u00a0Noruega\u00a0no le concediera el\u00a0Nobel de la Paz\u00a0\u00abya no siente la obligaci\u00f3n de pensar \u00fanicamente en la paz\u00bb. El l\u00edder [&hellip;]<\/p>\n","protected":false},"author":1,"featured_media":5716,"comment_status":"open","ping_status":"open","sticky":false,"template":"","format":"standard","meta":{"footnotes":""},"categories":[4,3],"tags":[],"class_list":["post-5715","post","type-post","status-publish","format-standard","has-post-thumbnail","hentry","category-noticias","category-politica"],"_links":{"self":[{"href":"https:\/\/trabucoradio.com\/home\/index.php?rest_route=\/wp\/v2\/posts\/5715","targetHints":{"allow":["GET"]}}],"collection":[{"href":"https:\/\/trabucoradio.com\/home\/index.php?rest_route=\/wp\/v2\/posts"}],"about":[{"href":"https:\/\/trabucoradio.com\/home\/index.php?rest_route=\/wp\/v2\/types\/post"}],"author":[{"embeddable":true,"href":"https:\/\/trabucoradio.com\/home\/index.php?rest_route=\/wp\/v2\/users\/1"}],"replies":[{"embeddable":true,"href":"https:\/\/trabucoradio.com\/home\/index.php?rest_route=%2Fwp%2Fv2%2Fcomments&post=5715"}],"version-history":[{"count":1,"href":"https:\/\/trabucoradio.com\/home\/index.php?rest_route=\/wp\/v2\/posts\/5715\/revisions"}],"predecessor-version":[{"id":5717,"href":"https:\/\/trabucoradio.com\/home\/index.php?rest_route=\/wp\/v2\/posts\/5715\/revisions\/5717"}],"wp:featuredmedia":[{"embeddable":true,"href":"https:\/\/trabucoradio.com\/home\/index.php?rest_route=\/wp\/v2\/media\/5716"}],"wp:attachment":[{"href":"https:\/\/trabucoradio.com\/home\/index.php?rest_route=%2Fwp%2Fv2%2Fmedia&parent=5715"}],"wp:term":[{"taxonomy":"category","embeddable":true,"href":"https:\/\/trabucoradio.com\/home\/index.php?rest_route=%2Fwp%2Fv2%2Fcategories&post=5715"},{"taxonomy":"post_tag","embeddable":true,"href":"https:\/\/trabucoradio.com\/home\/index.php?rest_route=%2Fwp%2Fv2%2Ftags&post=5715"}],"curies":[{"name":"wp","href":"https:\/\/api.w.org\/{rel}","templated":true}]}}