{"id":5712,"date":"2026-01-19T10:57:06","date_gmt":"2026-01-19T16:57:06","guid":{"rendered":"https:\/\/trabucoradio.com\/home\/?p=5712"},"modified":"2026-01-19T10:57:06","modified_gmt":"2026-01-19T16:57:06","slug":"avion-de-ee-uu-en-mexico-fue-autorizado-sheinbaum-oposicion-asegura-lo-contrario","status":"publish","type":"post","link":"https:\/\/trabucoradio.com\/home\/?p=5712","title":{"rendered":"AVI\u00d3N DE EE.UU. EN M\u00c9XICO FUE AUTORIZADO: SHEINBAUM; OPOSICI\u00d3N ASEGURA LO CONTRARIO"},"content":{"rendered":"<p><strong>AVI\u00d3N DE EE.UU. EN M\u00c9XICO FUE AUTORIZADO: SHEINBAUM; OPOSICI\u00d3N ASEGURA LO CONTRARIO<\/strong><\/p>\n<p>El coordinador del\u00a0<strong>Movimiento Ciudadano<\/strong>\u00a0en el\u00a0<strong>Senado<\/strong>, Clemente Casta\u00f1eda, asegur\u00f3 que la\u00a0<strong>C\u00e1mara Alta<\/strong>\u00a0no aprob\u00f3 el ingreso de un\u00a0<strong>avi\u00f3n militar<\/strong>\u00a0de\u00a0<strong>Estados Unidos<\/strong>\u00a0a\u00a0<strong>M\u00e9xico<\/strong>, y que fue captado aterrizando el s\u00e1bado en Toluca.<\/p>\n<p>Adem\u00e1s, pidi\u00f3 a la presidenta\u00a0<strong>Claudia Sheinbaum<\/strong>\u00a0escplicar sobre el tema en cuesti\u00f3n. Se trata de una aeronave militar H\u00e9rcules C-130 de la\u00a0<strong>Fuerza A\u00e9rea estadounidense<\/strong>, que aterriz\u00f3 en el\u00a0<strong>Aeropuerto Internacional de Toluca<\/strong>, Estado de M\u00e9xico.<\/p>\n<p>Este lunes, Sheinbaum asegur\u00f3 que este ingreso no requer\u00eda autorizaci\u00f3n del Senado, ya que \u201cno ven\u00edan tropas de Estados Unidos\u201d en la aeronave, sino que eran personas mexicanas que regresaron del pa\u00eds vecino tras recibir capacitaci\u00f3n, y\u00a0fue una autorizaci\u00f3n que se dio desde octubre del a\u00f1o pasado.<\/p>\n<p>Se\u00f1al\u00f3 que ya han entrado en otras ocasiones, solo que esta vez arribaron en Toluca por cuestiones log\u00edsticas.<\/p>\n","protected":false},"excerpt":{"rendered":"<p>AVI\u00d3N DE EE.UU. EN M\u00c9XICO FUE AUTORIZADO: SHEINBAUM; OPOSICI\u00d3N ASEGURA LO CONTRARIO El coordinador del\u00a0Movimiento Ciudadano\u00a0en el\u00a0Senado, Clemente Casta\u00f1eda, asegur\u00f3 que la\u00a0C\u00e1mara Alta\u00a0no aprob\u00f3 el ingreso de un\u00a0avi\u00f3n militar\u00a0de\u00a0Estados Unidos\u00a0a\u00a0M\u00e9xico, y que fue captado aterrizando el s\u00e1bado en Toluca. Adem\u00e1s, pidi\u00f3 a la presidenta\u00a0Claudia Sheinbaum\u00a0escplicar sobre el tema en cuesti\u00f3n. Se trata de una aeronave [&hellip;]<\/p>\n","protected":false},"author":1,"featured_media":5713,"comment_status":"open","ping_status":"open","sticky":false,"template":"","format":"standard","meta":{"footnotes":""},"categories":[4,3],"tags":[],"class_list":["post-5712","post","type-post","status-publish","format-standard","has-post-thumbnail","hentry","category-noticias","category-politica"],"_links":{"self":[{"href":"https:\/\/trabucoradio.com\/home\/index.php?rest_route=\/wp\/v2\/posts\/5712","targetHints":{"allow":["GET"]}}],"collection":[{"href":"https:\/\/trabucoradio.com\/home\/index.php?rest_route=\/wp\/v2\/posts"}],"about":[{"href":"https:\/\/trabucoradio.com\/home\/index.php?rest_route=\/wp\/v2\/types\/post"}],"author":[{"embeddable":true,"href":"https:\/\/trabucoradio.com\/home\/index.php?rest_route=\/wp\/v2\/users\/1"}],"replies":[{"embeddable":true,"href":"https:\/\/trabucoradio.com\/home\/index.php?rest_route=%2Fwp%2Fv2%2Fcomments&post=5712"}],"version-history":[{"count":1,"href":"https:\/\/trabucoradio.com\/home\/index.php?rest_route=\/wp\/v2\/posts\/5712\/revisions"}],"predecessor-version":[{"id":5714,"href":"https:\/\/trabucoradio.com\/home\/index.php?rest_route=\/wp\/v2\/posts\/5712\/revisions\/5714"}],"wp:featuredmedia":[{"embeddable":true,"href":"https:\/\/trabucoradio.com\/home\/index.php?rest_route=\/wp\/v2\/media\/5713"}],"wp:attachment":[{"href":"https:\/\/trabucoradio.com\/home\/index.php?rest_route=%2Fwp%2Fv2%2Fmedia&parent=5712"}],"wp:term":[{"taxonomy":"category","embeddable":true,"href":"https:\/\/trabucoradio.com\/home\/index.php?rest_route=%2Fwp%2Fv2%2Fcategories&post=5712"},{"taxonomy":"post_tag","embeddable":true,"href":"https:\/\/trabucoradio.com\/home\/index.php?rest_route=%2Fwp%2Fv2%2Ftags&post=5712"}],"curies":[{"name":"wp","href":"https:\/\/api.w.org\/{rel}","templated":true}]}}