{"id":5704,"date":"2026-01-17T11:57:50","date_gmt":"2026-01-17T17:57:50","guid":{"rendered":"https:\/\/trabucoradio.com\/home\/?p=5704"},"modified":"2026-01-17T11:57:50","modified_gmt":"2026-01-17T17:57:50","slug":"aseguran-inmueble-del-exgobernador-javier-corral-por-presunto-desvio-millonario","status":"publish","type":"post","link":"https:\/\/trabucoradio.com\/home\/?p=5704","title":{"rendered":"ASEGURAN INMUEBLE DEL EXGOBERNADOR JAVIER CORRAL POR PRESUNTO DESV\u00cdO MILLONARIO"},"content":{"rendered":"<p><strong>ASEGURAN INMUEBLE DEL EXGOBERNADOR JAVIER CORRAL POR PRESUNTO DESV\u00cdO MILLONARIO<\/strong><\/p>\n<p>La\u00a0<strong>Fiscal\u00eda Anticorrupci\u00f3n de Chihuahua<\/strong>\u00a0(FACH) asegur\u00f3 una propiedad del exgobernador\u00a0<strong>Javier Corral<\/strong>\u00a0Jurado, quien forma parte de la bancada legislativa de\u00a0<strong>Morena<\/strong>\u00a0y se\u00f1alado\u00a0por enriquecimiento il\u00edcito y defraudaci\u00f3n fiscal durante su gesti\u00f3n como gobernador de la entidad.<\/p>\n<p>De acuerdo a un comunicado de la\u00a0<strong>fiscal\u00eda especializada<\/strong>, dio a conocer que el aseguramiento est\u00e1 vinculado con una investigaci\u00f3n abierta por el delito de\u00a0<strong>peculado agravado<\/strong>, la cual se encuentra en la carpeta de investigaci\u00f3n 3050\/2024.<\/p>\n<p>Se describe el inmueble como una caba\u00f1a que \u201cse localiza en una zona monta\u00f1osa de abundante vegetaci\u00f3n de aquella regi\u00f3n y presenta un estilo r\u00fastico\u201d. Este se encuentra en una \u00e1rea natural protegida de la\u00a0<strong>Sierra Tarahumara<\/strong>, ubicada en el municipio de Ocampo, en una zona exclusiva, y forma parte de la\u00a0<strong>declaraci\u00f3n patrimonial de Corral Jurado<\/strong>.<\/p>\n<p>En el comunicado, detalla que dicha acci\u00f3n ser\u00eda impedir que el inmueble deje de ser\u00a0<strong>propiedad de Corral Jurado<\/strong>, a fin de garantizar que su valor pueda ser utilizado para resarcir el da\u00f1o causado por el presunto il\u00edcito, en caso de que este fuera demostrado, el cual ascender\u00eda a los\u00a0<strong>98.6 millones de pesos<\/strong>.<\/p>\n<p>\u201cEste aseguramiento de la Clave Catastral, de este bien inmueble (&#8230;) se realiza con el objetivo de impedir que esta propiedad sea transmitida, enajenada o gravada bajo cualquier modalidad, mientras contin\u00faan las indagatorias correspondientes\u201d, apunta la fiscal\u00eda.<\/p>\n","protected":false},"excerpt":{"rendered":"<p>ASEGURAN INMUEBLE DEL EXGOBERNADOR JAVIER CORRAL POR PRESUNTO DESV\u00cdO MILLONARIO La\u00a0Fiscal\u00eda Anticorrupci\u00f3n de Chihuahua\u00a0(FACH) asegur\u00f3 una propiedad del exgobernador\u00a0Javier Corral\u00a0Jurado, quien forma parte de la bancada legislativa de\u00a0Morena\u00a0y se\u00f1alado\u00a0por enriquecimiento il\u00edcito y defraudaci\u00f3n fiscal durante su gesti\u00f3n como gobernador de la entidad. De acuerdo a un comunicado de la\u00a0fiscal\u00eda especializada, dio a conocer que el [&hellip;]<\/p>\n","protected":false},"author":1,"featured_media":5707,"comment_status":"open","ping_status":"open","sticky":false,"template":"","format":"standard","meta":{"footnotes":""},"categories":[4,3],"tags":[],"class_list":["post-5704","post","type-post","status-publish","format-standard","has-post-thumbnail","hentry","category-noticias","category-politica"],"_links":{"self":[{"href":"https:\/\/trabucoradio.com\/home\/index.php?rest_route=\/wp\/v2\/posts\/5704","targetHints":{"allow":["GET"]}}],"collection":[{"href":"https:\/\/trabucoradio.com\/home\/index.php?rest_route=\/wp\/v2\/posts"}],"about":[{"href":"https:\/\/trabucoradio.com\/home\/index.php?rest_route=\/wp\/v2\/types\/post"}],"author":[{"embeddable":true,"href":"https:\/\/trabucoradio.com\/home\/index.php?rest_route=\/wp\/v2\/users\/1"}],"replies":[{"embeddable":true,"href":"https:\/\/trabucoradio.com\/home\/index.php?rest_route=%2Fwp%2Fv2%2Fcomments&post=5704"}],"version-history":[{"count":1,"href":"https:\/\/trabucoradio.com\/home\/index.php?rest_route=\/wp\/v2\/posts\/5704\/revisions"}],"predecessor-version":[{"id":5708,"href":"https:\/\/trabucoradio.com\/home\/index.php?rest_route=\/wp\/v2\/posts\/5704\/revisions\/5708"}],"wp:featuredmedia":[{"embeddable":true,"href":"https:\/\/trabucoradio.com\/home\/index.php?rest_route=\/wp\/v2\/media\/5707"}],"wp:attachment":[{"href":"https:\/\/trabucoradio.com\/home\/index.php?rest_route=%2Fwp%2Fv2%2Fmedia&parent=5704"}],"wp:term":[{"taxonomy":"category","embeddable":true,"href":"https:\/\/trabucoradio.com\/home\/index.php?rest_route=%2Fwp%2Fv2%2Fcategories&post=5704"},{"taxonomy":"post_tag","embeddable":true,"href":"https:\/\/trabucoradio.com\/home\/index.php?rest_route=%2Fwp%2Fv2%2Ftags&post=5704"}],"curies":[{"name":"wp","href":"https:\/\/api.w.org\/{rel}","templated":true}]}}