{"id":5701,"date":"2026-01-17T11:52:58","date_gmt":"2026-01-17T17:52:58","guid":{"rendered":"https:\/\/trabucoradio.com\/home\/?p=5701"},"modified":"2026-01-17T11:52:58","modified_gmt":"2026-01-17T17:52:58","slug":"miles-de-manifestantes-rechazan-en-groenlandia-los-ataques-de-trump","status":"publish","type":"post","link":"https:\/\/trabucoradio.com\/home\/?p=5701","title":{"rendered":"MILES DE MANIFESTANTES RECHAZAN EN GROENLANDIA LOS ATAQUES DE TRUMP"},"content":{"rendered":"<p><strong>MILES DE MANIFESTANTES RECHAZAN EN GROENLANDIA LOS ATAQUES DE TRUMP<\/strong><\/p>\n<p><strong>Miles de personas se manifestaron este s\u00e1bado en Nuuk, la capital de Groenlandia, para denunciar los intentos del presidente de Estados Unidos de adquirir el territorio,\u00a0<\/strong>o anexionarlo a la fuerza, en una de las protestas m\u00e1s multitudinarias que ha vivido en su historia.<\/p>\n<p align=\"left\">Los manifestantes, que en su mayor\u00eda portaban la bandera rojiblanca de Groenlandia, un emblema creado en 1982 pero que se ha convertido en los \u00faltimos d\u00edas en una expresi\u00f3n de orgullo de la nacionalidad groenlandesa,<strong>\u00a0gritaron durante la marcha que termin\u00f3 en el consulado de EE.UU. en Nuuk, consignas contra las amenazas de Trump.<\/strong><\/p>\n<p align=\"left\">Al inicio de la protesta, la llegada del primer ministro de Groenlandia, Jens Frederik Nielsen, fue recibida por aplausos y el grito \u00abKalaallit Nunaat, Kalaallit pigaat\u00bb (Groenlandia, pertenece a los groenlandeses), en una muestra de la unidad que la ret\u00f3rica belicista de Trump est\u00e1 generando entre la poblaci\u00f3n y los partidos pol\u00edticos del territorio aut\u00f3nomo que est\u00e1 integrado en el Reino de Dinamarca.<\/p>\n<p align=\"left\">Tras la llegada de Nielsen, del partido social-liberal Demokraatit y presidente de un Gobierno de coalici\u00f3n del que forman parte otras tres formaciones\u00a0<strong>pol\u00edticas del Parlamento groenland\u00e9s (Inuit Ataqatigiit, Siumut y Atassut), se procedi\u00f3 a la lectura de un poema y a un minuto de silencio, seguido del himno nacional.<\/strong><\/p>\n","protected":false},"excerpt":{"rendered":"<p>MILES DE MANIFESTANTES RECHAZAN EN GROENLANDIA LOS ATAQUES DE TRUMP Miles de personas se manifestaron este s\u00e1bado en Nuuk, la capital de Groenlandia, para denunciar los intentos del presidente de Estados Unidos de adquirir el territorio,\u00a0o anexionarlo a la fuerza, en una de las protestas m\u00e1s multitudinarias que ha vivido en su historia. Los manifestantes, [&hellip;]<\/p>\n","protected":false},"author":1,"featured_media":5702,"comment_status":"open","ping_status":"open","sticky":false,"template":"","format":"standard","meta":{"footnotes":""},"categories":[4,3],"tags":[],"class_list":["post-5701","post","type-post","status-publish","format-standard","has-post-thumbnail","hentry","category-noticias","category-politica"],"_links":{"self":[{"href":"https:\/\/trabucoradio.com\/home\/index.php?rest_route=\/wp\/v2\/posts\/5701","targetHints":{"allow":["GET"]}}],"collection":[{"href":"https:\/\/trabucoradio.com\/home\/index.php?rest_route=\/wp\/v2\/posts"}],"about":[{"href":"https:\/\/trabucoradio.com\/home\/index.php?rest_route=\/wp\/v2\/types\/post"}],"author":[{"embeddable":true,"href":"https:\/\/trabucoradio.com\/home\/index.php?rest_route=\/wp\/v2\/users\/1"}],"replies":[{"embeddable":true,"href":"https:\/\/trabucoradio.com\/home\/index.php?rest_route=%2Fwp%2Fv2%2Fcomments&post=5701"}],"version-history":[{"count":1,"href":"https:\/\/trabucoradio.com\/home\/index.php?rest_route=\/wp\/v2\/posts\/5701\/revisions"}],"predecessor-version":[{"id":5703,"href":"https:\/\/trabucoradio.com\/home\/index.php?rest_route=\/wp\/v2\/posts\/5701\/revisions\/5703"}],"wp:featuredmedia":[{"embeddable":true,"href":"https:\/\/trabucoradio.com\/home\/index.php?rest_route=\/wp\/v2\/media\/5702"}],"wp:attachment":[{"href":"https:\/\/trabucoradio.com\/home\/index.php?rest_route=%2Fwp%2Fv2%2Fmedia&parent=5701"}],"wp:term":[{"taxonomy":"category","embeddable":true,"href":"https:\/\/trabucoradio.com\/home\/index.php?rest_route=%2Fwp%2Fv2%2Fcategories&post=5701"},{"taxonomy":"post_tag","embeddable":true,"href":"https:\/\/trabucoradio.com\/home\/index.php?rest_route=%2Fwp%2Fv2%2Ftags&post=5701"}],"curies":[{"name":"wp","href":"https:\/\/api.w.org\/{rel}","templated":true}]}}